
{"id":12038,"date":"2016-01-05T12:35:10","date_gmt":"2016-01-05T11:35:10","guid":{"rendered":"http:\/\/www.hispanorama-tours.com\/uncategorized-de_ch\/das-fest-der-koenige\/"},"modified":"2019-01-25T13:39:57","modified_gmt":"2019-01-25T12:39:57","slug":"das-fest-der-koenige","status":"publish","type":"post","link":"https:\/\/www.hispanorama-tours.com\/de_ch\/dmc-fuer-spanien-blog\/spanien-allgemein\/das-fest-der-koenige\/","title":{"rendered":"Das Fest der K\u00f6nige"},"content":{"rendered":"<p><strong>Erleben Sie es wie ein Einheimischer und nehmen Sie am 5. und 6. Januar teil an Spaniens Festlichkeiten zum <i>Heiligen Drei K\u00f6nigsfest<\/i><\/strong><\/p>\n<p>Wenn Sie Anfang Januar in Spanien unterwegs sind, kommen Sie in einen besonderen Genuss. Das traditionelle spanische Fest der <i>Reyes Magos<\/i>, das Dreik\u00f6nigsfest, wartet mit Geschenken und Paraden auf, und f\u00fcllt die Stra\u00dfen in allen kleineren Orten und St\u00e4dten mit gro\u00dfem Jubel.<\/p>\n<p><strong><i>Statt Weihnachtsmann\u2026<\/i><\/strong><\/p>\n<p>Das Epiphaniasfest am 6. Januar ist der traditionelle Bescherungstag in Spanien. Kinder (jung und alt) erwarten eifrig den \u201cBesuch\u201d der Drei K\u00f6nige, die die Weihnachtsgeschenke bringen, so wie Melchior, Kaspar und Balthasar seinerzeit dem Jesuskind Weihrauch, Gold und Myrrhe schenkten (so wie es der Weihnachtsmann, Rudolf und die Elfen und Company andernorts an Heiligabend machen).<\/p>\n<p><strong><em>Es regnet S\u00fc\u00dfigkeiten, Halleluja!<\/em><\/strong><\/p>\n<p>Die Festlichkeiten zum Dreik\u00f6nigsfest beginnen am Abend des 5. Januar. In allen D\u00f6rfern und St\u00e4dten Spaniens gehen die Familien auf die Stra\u00dfen um die <em><em>Cabalgata de los Reyes Magos<\/em><\/em>, die lebendige Nachstellung der Ankunft der Drei Weisen aus dem Morgenland, anzusehen.<\/p>\n<p>Nehmen Sie Ihre Kamera in die Hand, wenn Sie die mit S\u00fc\u00dfigkeiten um sich werfenden \u201cK\u00f6nige\u201d auf ihren Festwagen vorbeiziehen sehen, w\u00e4hrend T\u00e4nzer, Musiker und Puppenspieler sich an allen Ecken vergn\u00fcgen.<\/p>\n<p>Sobald der Umzug vorbei ist, stellen die spanischen Kinder am selben Abend eine St\u00e4rkung f\u00fcr die weitere Reise der K\u00f6nige in ihrem Zuhause auf \u2013 einen Teller mit Essen und S\u00fc\u00dfigkeiten und etwas Gras oder Heu f\u00fcr ihre Kamele. Und das Wichtigste nat\u00fcrlich: ihren Wunschzettel.<\/p>\n<p><strong><em>Ein k\u00f6nigliches Fr\u00fchst\u00fcck<\/em><\/strong><\/p>\n<p>Am Morgen des 6. Januars werden die Geschenke ausgepackt und dazu gibt es ein richtig s\u00fc\u00dfes Fr\u00fchst\u00fcck, den <em><em>Rosc\u00f3n de Reyes<\/em>. <\/em>Der<em> Rosc\u00f3n <\/em>ist ein gro\u00dfer runder Kuchen mit einem Loch in der Mitte, belegt mit kandierten Fr\u00fcchten, die die Juwelen auf den K\u00f6nigsm\u00e4nteln symbolisieren sollen. Schon in den Wochen vor dem 6. Januar kann man diesen in den Schaufenstern der B\u00e4ckereien und Konditoreien sehen, sch\u00f6n verpackt und mit goldenen Kronen.<\/p>\n<p>Die <em>Roscones <\/em>sind normalerweise gef\u00fcllt mit einer Sahne- oder Schokoladencreme oder mit \u201cEngelshaar\u201d, einem kandierten K\u00fcrbisgelee (klingt eigenartig, schmeckt aber himmlisch). Im Inneren des Kuchens sind zwei kleine Figuren versteckt eingebacken: eine Bohne und eine K\u00f6nigsminiatur. Wer das St\u00fcck mit der K\u00f6nigsfigur serviert bekommt, wird zum Monarchen ernannt und mit viel Gl\u00fcck f\u00fcr das neue Jahr gesegnet. Und wehe dem, welchem die Bohne zugeteilt wird! Traditionsgem\u00e4\u00df muss er den ganzen Kuchen bezahlen!<\/p>\n<p><strong><em>Auf Reisen zu den spanischen winterlichen Traditionen<\/em><\/strong><\/p>\n<p>Wenn Sie also heute oder morgen in Spanien sind, verpassen Sie auf keinen Fall die \u00f6rtliche Cabalgata und genehmigen Sie sich das St\u00fcck Rosc\u00f3n mit Ihrer ersten Tasse Kaffee am Morgen des 6. Januars. Und nicht zuletzt: Bitte vergessen Sie nicht, sich vorher mit dem Wichtigsten einzudecken, denn der 6. Januar ist in Spanien ein offizieller Feiertag und die meisten L\u00e4den sind geschlossen.<\/p>\n<p><em><em>Haben Sie etwas Nettes erlebt am Dreik\u00f6nigsfest oder Fotos gemacht, die Sie mit uns teilen m\u00f6chten? Dann lassen Sie es uns wissen!<\/em><\/em><\/p>\n<p><em>\u00a0<\/em><\/p>\n","protected":false},"excerpt":{"rendered":"<p>Erleben Sie es wie ein Einheimischer und nehmen Sie am 5. und 6. Januar teil an Spaniens Festlichkeiten zum Heiligen Drei K\u00f6nigsfest Wenn Sie Anfang Januar in Spanien unterwegs sind, kommen Sie in einen besonderen Genuss. Das traditionelle spanische Fest der Reyes Magos, das Dreik\u00f6nigsfest, wartet mit Geschenken und Paraden auf, und f\u00fcllt die Stra\u00dfen [&hellip;]<\/p>\n","protected":false},"author":1,"featured_media":12039,"comment_status":"open","ping_status":"open","sticky":false,"template":"","format":"standard","meta":{"_et_pb_use_builder":"","_et_pb_old_content":"","_et_gb_content_width":"","inline_featured_image":false,"footnotes":""},"categories":[746],"tags":[1506,4715,1507,4386,4736,1508,1509,4758,4759,4760,1510,927,831,961],"class_list":["post-12038","post","type-post","status-publish","format-standard","has-post-thumbnail","hentry","category-spanien-allgemein","tag-6-januar-de_ch","tag-destination-management-company-in-spanien-de_ch","tag-dmc-de_ch","tag-dmc-fuer-spanien","tag-dmc-spanien-incentives-de_ch","tag-dreikoenigsfest-de_ch","tag-heilige-drei-koenige-de_ch","tag-incentive-reisen-und-events-de_ch","tag-incentivereisen-in-spanien-de_ch","tag-incentives-in-spanien-de_ch","tag-incoming-de_ch","tag-spanien-de_ch","tag-tourismus-de_ch","tag-tradition-de_ch"],"yoast_head":"<!-- This site is optimized with the Yoast SEO plugin v26.9 - https:\/\/yoast.com\/product\/yoast-seo-wordpress\/ -->\n<title>Das Fest der K\u00f6nige - DMC Spanien<\/title>\n<meta name=\"robots\" content=\"index, follow, max-snippet:-1, max-image-preview:large, max-video-preview:-1\" \/>\n<link rel=\"canonical\" href=\"https:\/\/www.hispanorama-tours.com\/de_ch\/dmc-fuer-spanien-blog\/spanien-allgemein\/das-fest-der-koenige\/\" \/>\n<meta property=\"og:locale\" content=\"de_DE\" \/>\n<meta property=\"og:type\" content=\"article\" \/>\n<meta property=\"og:title\" content=\"Das Fest der K\u00f6nige - DMC Spanien\" \/>\n<meta property=\"og:description\" content=\"Erleben Sie es wie ein Einheimischer und nehmen Sie am 5. und 6. Januar teil an Spaniens Festlichkeiten zum Heiligen Drei K\u00f6nigsfest Wenn Sie Anfang Januar in Spanien unterwegs sind, kommen Sie in einen besonderen Genuss. Das traditionelle spanische Fest der Reyes Magos, das Dreik\u00f6nigsfest, wartet mit Geschenken und Paraden auf, und f\u00fcllt die Stra\u00dfen [&hellip;]\" \/>\n<meta property=\"og:url\" content=\"https:\/\/www.hispanorama-tours.com\/de_ch\/dmc-fuer-spanien-blog\/spanien-allgemein\/das-fest-der-koenige\/\" \/>\n<meta property=\"og:site_name\" content=\"DMC Spanien\" \/>\n<meta property=\"article:publisher\" content=\"https:\/\/www.facebook.com\/HispanoramaTours\/\" \/>\n<meta property=\"article:published_time\" content=\"2016-01-05T11:35:10+00:00\" \/>\n<meta property=\"article:modified_time\" content=\"2019-01-25T12:39:57+00:00\" \/>\n<meta property=\"og:image\" content=\"https:\/\/www.hispanorama-tours.com\/wp-content\/uploads\/2016\/01\/the-three-magi-160632_640-PIXABAY.jpg\" \/>\n\t<meta property=\"og:image:width\" content=\"640\" \/>\n\t<meta property=\"og:image:height\" content=\"365\" \/>\n\t<meta property=\"og:image:type\" content=\"image\/jpeg\" \/>\n<meta name=\"author\" content=\"Katharina Giesler\" \/>\n<meta name=\"twitter:card\" content=\"summary_large_image\" \/>\n<meta name=\"twitter:creator\" content=\"@HispanoramaMAD\" \/>\n<meta name=\"twitter:site\" content=\"@HispanoramaMAD\" \/>\n<meta name=\"twitter:label1\" content=\"Geschrieben von\" \/>\n\t<meta name=\"twitter:data1\" content=\"Katharina Giesler\" \/>\n\t<meta name=\"twitter:label2\" content=\"Gesch\u00e4tzte Lesezeit\" \/>\n\t<meta name=\"twitter:data2\" content=\"3\u00a0Minuten\" \/>\n<script type=\"application\/ld+json\" class=\"yoast-schema-graph\">{\"@context\":\"https:\/\/schema.org\",\"@graph\":[{\"@type\":\"Article\",\"@id\":\"https:\/\/www.hispanorama-tours.com\/de_ch\/dmc-fuer-spanien-blog\/spanien-allgemein\/das-fest-der-koenige\/#article\",\"isPartOf\":{\"@id\":\"https:\/\/www.hispanorama-tours.com\/de_ch\/dmc-fuer-spanien-blog\/spanien-allgemein\/das-fest-der-koenige\/\"},\"author\":{\"name\":\"Katharina Giesler\",\"@id\":\"https:\/\/www.hispanorama-tours.com\/de_ch\/#\/schema\/person\/c57da6219d5c7903e17593ea214d1766\"},\"headline\":\"Das Fest der K\u00f6nige\",\"datePublished\":\"2016-01-05T11:35:10+00:00\",\"dateModified\":\"2019-01-25T12:39:57+00:00\",\"mainEntityOfPage\":{\"@id\":\"https:\/\/www.hispanorama-tours.com\/de_ch\/dmc-fuer-spanien-blog\/spanien-allgemein\/das-fest-der-koenige\/\"},\"wordCount\":525,\"commentCount\":0,\"publisher\":{\"@id\":\"https:\/\/www.hispanorama-tours.com\/de_ch\/#organization\"},\"image\":{\"@id\":\"https:\/\/www.hispanorama-tours.com\/de_ch\/dmc-fuer-spanien-blog\/spanien-allgemein\/das-fest-der-koenige\/#primaryimage\"},\"thumbnailUrl\":\"https:\/\/www.hispanorama-tours.com\/wp-content\/uploads\/2016\/01\/the-three-magi-160632_640-PIXABAY.jpg\",\"keywords\":[\"6.Januar\",\"Destination Management Company in Spanien\",\"DMC\",\"DMC f\u00fcr Spanien\",\"dmc spanien incentives\",\"Dreik\u00f6nigsfest\",\"Heilige Drei K\u00f6nige\",\"incentive reisen und events\",\"Incentivereisen in Spanien\",\"Incentives in Spanien\",\"Incoming\",\"Spanien\",\"Tourismus\",\"Tradition\"],\"articleSection\":[\"Spanien allgemein\"],\"inLanguage\":\"de-CH\",\"potentialAction\":[{\"@type\":\"CommentAction\",\"name\":\"Comment\",\"target\":[\"https:\/\/www.hispanorama-tours.com\/de_ch\/dmc-fuer-spanien-blog\/spanien-allgemein\/das-fest-der-koenige\/#respond\"]}]},{\"@type\":\"WebPage\",\"@id\":\"https:\/\/www.hispanorama-tours.com\/de_ch\/dmc-fuer-spanien-blog\/spanien-allgemein\/das-fest-der-koenige\/\",\"url\":\"https:\/\/www.hispanorama-tours.com\/de_ch\/dmc-fuer-spanien-blog\/spanien-allgemein\/das-fest-der-koenige\/\",\"name\":\"Das Fest der K\u00f6nige - DMC Spanien\",\"isPartOf\":{\"@id\":\"https:\/\/www.hispanorama-tours.com\/de_ch\/#website\"},\"primaryImageOfPage\":{\"@id\":\"https:\/\/www.hispanorama-tours.com\/de_ch\/dmc-fuer-spanien-blog\/spanien-allgemein\/das-fest-der-koenige\/#primaryimage\"},\"image\":{\"@id\":\"https:\/\/www.hispanorama-tours.com\/de_ch\/dmc-fuer-spanien-blog\/spanien-allgemein\/das-fest-der-koenige\/#primaryimage\"},\"thumbnailUrl\":\"https:\/\/www.hispanorama-tours.com\/wp-content\/uploads\/2016\/01\/the-three-magi-160632_640-PIXABAY.jpg\",\"datePublished\":\"2016-01-05T11:35:10+00:00\",\"dateModified\":\"2019-01-25T12:39:57+00:00\",\"breadcrumb\":{\"@id\":\"https:\/\/www.hispanorama-tours.com\/de_ch\/dmc-fuer-spanien-blog\/spanien-allgemein\/das-fest-der-koenige\/#breadcrumb\"},\"inLanguage\":\"de-CH\",\"potentialAction\":[{\"@type\":\"ReadAction\",\"target\":[\"https:\/\/www.hispanorama-tours.com\/de_ch\/dmc-fuer-spanien-blog\/spanien-allgemein\/das-fest-der-koenige\/\"]}]},{\"@type\":\"ImageObject\",\"inLanguage\":\"de-CH\",\"@id\":\"https:\/\/www.hispanorama-tours.com\/de_ch\/dmc-fuer-spanien-blog\/spanien-allgemein\/das-fest-der-koenige\/#primaryimage\",\"url\":\"https:\/\/www.hispanorama-tours.com\/wp-content\/uploads\/2016\/01\/the-three-magi-160632_640-PIXABAY.jpg\",\"contentUrl\":\"https:\/\/www.hispanorama-tours.com\/wp-content\/uploads\/2016\/01\/the-three-magi-160632_640-PIXABAY.jpg\",\"width\":640,\"height\":365},{\"@type\":\"BreadcrumbList\",\"@id\":\"https:\/\/www.hispanorama-tours.com\/de_ch\/dmc-fuer-spanien-blog\/spanien-allgemein\/das-fest-der-koenige\/#breadcrumb\",\"itemListElement\":[{\"@type\":\"ListItem\",\"position\":1,\"name\":\"Home\",\"item\":\"https:\/\/www.hispanorama-tours.com\/de_ch\/\"},{\"@type\":\"ListItem\",\"position\":2,\"name\":\"Das Fest der K\u00f6nige\"}]},{\"@type\":\"WebSite\",\"@id\":\"https:\/\/www.hispanorama-tours.com\/de_ch\/#website\",\"url\":\"https:\/\/www.hispanorama-tours.com\/de_ch\/\",\"name\":\"DMC Spanien\",\"description\":\"Destination Management Company (DMC) in Spanien\",\"publisher\":{\"@id\":\"https:\/\/www.hispanorama-tours.com\/de_ch\/#organization\"},\"potentialAction\":[{\"@type\":\"SearchAction\",\"target\":{\"@type\":\"EntryPoint\",\"urlTemplate\":\"https:\/\/www.hispanorama-tours.com\/de_ch\/?s={search_term_string}\"},\"query-input\":{\"@type\":\"PropertyValueSpecification\",\"valueRequired\":true,\"valueName\":\"search_term_string\"}}],\"inLanguage\":\"de-CH\"},{\"@type\":\"Organization\",\"@id\":\"https:\/\/www.hispanorama-tours.com\/de_ch\/#organization\",\"name\":\"DMC for Spain Hispanorama tours & incentives\",\"url\":\"https:\/\/www.hispanorama-tours.com\/de_ch\/\",\"logo\":{\"@type\":\"ImageObject\",\"inLanguage\":\"de-CH\",\"@id\":\"https:\/\/www.hispanorama-tours.com\/de_ch\/#\/schema\/logo\/image\/\",\"url\":\"https:\/\/www.hispanorama-tours.com\/wp-content\/uploads\/2018\/06\/logo_hispanorama_tours_and_incentives3-1.png\",\"contentUrl\":\"https:\/\/www.hispanorama-tours.com\/wp-content\/uploads\/2018\/06\/logo_hispanorama_tours_and_incentives3-1.png\",\"width\":185,\"height\":120,\"caption\":\"DMC for Spain Hispanorama tours & incentives\"},\"image\":{\"@id\":\"https:\/\/www.hispanorama-tours.com\/de_ch\/#\/schema\/logo\/image\/\"},\"sameAs\":[\"https:\/\/www.facebook.com\/HispanoramaTours\/\",\"https:\/\/x.com\/HispanoramaMAD\",\"https:\/\/www.linkedin.com\/company\/hispanorama-tours-&amp;-incentives\/\"]},{\"@type\":\"Person\",\"@id\":\"https:\/\/www.hispanorama-tours.com\/de_ch\/#\/schema\/person\/c57da6219d5c7903e17593ea214d1766\",\"name\":\"Katharina Giesler\"}]}<\/script>\n<!-- \/ Yoast SEO plugin. -->","yoast_head_json":{"title":"Das Fest der K\u00f6nige - DMC Spanien","robots":{"index":"index","follow":"follow","max-snippet":"max-snippet:-1","max-image-preview":"max-image-preview:large","max-video-preview":"max-video-preview:-1"},"canonical":"https:\/\/www.hispanorama-tours.com\/de_ch\/dmc-fuer-spanien-blog\/spanien-allgemein\/das-fest-der-koenige\/","og_locale":"de_DE","og_type":"article","og_title":"Das Fest der K\u00f6nige - DMC Spanien","og_description":"Erleben Sie es wie ein Einheimischer und nehmen Sie am 5. und 6. Januar teil an Spaniens Festlichkeiten zum Heiligen Drei K\u00f6nigsfest Wenn Sie Anfang Januar in Spanien unterwegs sind, kommen Sie in einen besonderen Genuss. Das traditionelle spanische Fest der Reyes Magos, das Dreik\u00f6nigsfest, wartet mit Geschenken und Paraden auf, und f\u00fcllt die Stra\u00dfen [&hellip;]","og_url":"https:\/\/www.hispanorama-tours.com\/de_ch\/dmc-fuer-spanien-blog\/spanien-allgemein\/das-fest-der-koenige\/","og_site_name":"DMC Spanien","article_publisher":"https:\/\/www.facebook.com\/HispanoramaTours\/","article_published_time":"2016-01-05T11:35:10+00:00","article_modified_time":"2019-01-25T12:39:57+00:00","og_image":[{"width":640,"height":365,"url":"https:\/\/www.hispanorama-tours.com\/wp-content\/uploads\/2016\/01\/the-three-magi-160632_640-PIXABAY.jpg","type":"image\/jpeg"}],"author":"Katharina Giesler","twitter_card":"summary_large_image","twitter_creator":"@HispanoramaMAD","twitter_site":"@HispanoramaMAD","twitter_misc":{"Geschrieben von":"Katharina Giesler","Gesch\u00e4tzte Lesezeit":"3\u00a0Minuten"},"schema":{"@context":"https:\/\/schema.org","@graph":[{"@type":"Article","@id":"https:\/\/www.hispanorama-tours.com\/de_ch\/dmc-fuer-spanien-blog\/spanien-allgemein\/das-fest-der-koenige\/#article","isPartOf":{"@id":"https:\/\/www.hispanorama-tours.com\/de_ch\/dmc-fuer-spanien-blog\/spanien-allgemein\/das-fest-der-koenige\/"},"author":{"name":"Katharina Giesler","@id":"https:\/\/www.hispanorama-tours.com\/de_ch\/#\/schema\/person\/c57da6219d5c7903e17593ea214d1766"},"headline":"Das Fest der K\u00f6nige","datePublished":"2016-01-05T11:35:10+00:00","dateModified":"2019-01-25T12:39:57+00:00","mainEntityOfPage":{"@id":"https:\/\/www.hispanorama-tours.com\/de_ch\/dmc-fuer-spanien-blog\/spanien-allgemein\/das-fest-der-koenige\/"},"wordCount":525,"commentCount":0,"publisher":{"@id":"https:\/\/www.hispanorama-tours.com\/de_ch\/#organization"},"image":{"@id":"https:\/\/www.hispanorama-tours.com\/de_ch\/dmc-fuer-spanien-blog\/spanien-allgemein\/das-fest-der-koenige\/#primaryimage"},"thumbnailUrl":"https:\/\/www.hispanorama-tours.com\/wp-content\/uploads\/2016\/01\/the-three-magi-160632_640-PIXABAY.jpg","keywords":["6.Januar","Destination Management Company in Spanien","DMC","DMC f\u00fcr Spanien","dmc spanien incentives","Dreik\u00f6nigsfest","Heilige Drei K\u00f6nige","incentive reisen und events","Incentivereisen in Spanien","Incentives in Spanien","Incoming","Spanien","Tourismus","Tradition"],"articleSection":["Spanien allgemein"],"inLanguage":"de-CH","potentialAction":[{"@type":"CommentAction","name":"Comment","target":["https:\/\/www.hispanorama-tours.com\/de_ch\/dmc-fuer-spanien-blog\/spanien-allgemein\/das-fest-der-koenige\/#respond"]}]},{"@type":"WebPage","@id":"https:\/\/www.hispanorama-tours.com\/de_ch\/dmc-fuer-spanien-blog\/spanien-allgemein\/das-fest-der-koenige\/","url":"https:\/\/www.hispanorama-tours.com\/de_ch\/dmc-fuer-spanien-blog\/spanien-allgemein\/das-fest-der-koenige\/","name":"Das Fest der K\u00f6nige - DMC Spanien","isPartOf":{"@id":"https:\/\/www.hispanorama-tours.com\/de_ch\/#website"},"primaryImageOfPage":{"@id":"https:\/\/www.hispanorama-tours.com\/de_ch\/dmc-fuer-spanien-blog\/spanien-allgemein\/das-fest-der-koenige\/#primaryimage"},"image":{"@id":"https:\/\/www.hispanorama-tours.com\/de_ch\/dmc-fuer-spanien-blog\/spanien-allgemein\/das-fest-der-koenige\/#primaryimage"},"thumbnailUrl":"https:\/\/www.hispanorama-tours.com\/wp-content\/uploads\/2016\/01\/the-three-magi-160632_640-PIXABAY.jpg","datePublished":"2016-01-05T11:35:10+00:00","dateModified":"2019-01-25T12:39:57+00:00","breadcrumb":{"@id":"https:\/\/www.hispanorama-tours.com\/de_ch\/dmc-fuer-spanien-blog\/spanien-allgemein\/das-fest-der-koenige\/#breadcrumb"},"inLanguage":"de-CH","potentialAction":[{"@type":"ReadAction","target":["https:\/\/www.hispanorama-tours.com\/de_ch\/dmc-fuer-spanien-blog\/spanien-allgemein\/das-fest-der-koenige\/"]}]},{"@type":"ImageObject","inLanguage":"de-CH","@id":"https:\/\/www.hispanorama-tours.com\/de_ch\/dmc-fuer-spanien-blog\/spanien-allgemein\/das-fest-der-koenige\/#primaryimage","url":"https:\/\/www.hispanorama-tours.com\/wp-content\/uploads\/2016\/01\/the-three-magi-160632_640-PIXABAY.jpg","contentUrl":"https:\/\/www.hispanorama-tours.com\/wp-content\/uploads\/2016\/01\/the-three-magi-160632_640-PIXABAY.jpg","width":640,"height":365},{"@type":"BreadcrumbList","@id":"https:\/\/www.hispanorama-tours.com\/de_ch\/dmc-fuer-spanien-blog\/spanien-allgemein\/das-fest-der-koenige\/#breadcrumb","itemListElement":[{"@type":"ListItem","position":1,"name":"Home","item":"https:\/\/www.hispanorama-tours.com\/de_ch\/"},{"@type":"ListItem","position":2,"name":"Das Fest der K\u00f6nige"}]},{"@type":"WebSite","@id":"https:\/\/www.hispanorama-tours.com\/de_ch\/#website","url":"https:\/\/www.hispanorama-tours.com\/de_ch\/","name":"DMC Spanien","description":"Destination Management Company (DMC) in Spanien","publisher":{"@id":"https:\/\/www.hispanorama-tours.com\/de_ch\/#organization"},"potentialAction":[{"@type":"SearchAction","target":{"@type":"EntryPoint","urlTemplate":"https:\/\/www.hispanorama-tours.com\/de_ch\/?s={search_term_string}"},"query-input":{"@type":"PropertyValueSpecification","valueRequired":true,"valueName":"search_term_string"}}],"inLanguage":"de-CH"},{"@type":"Organization","@id":"https:\/\/www.hispanorama-tours.com\/de_ch\/#organization","name":"DMC for Spain Hispanorama tours & incentives","url":"https:\/\/www.hispanorama-tours.com\/de_ch\/","logo":{"@type":"ImageObject","inLanguage":"de-CH","@id":"https:\/\/www.hispanorama-tours.com\/de_ch\/#\/schema\/logo\/image\/","url":"https:\/\/www.hispanorama-tours.com\/wp-content\/uploads\/2018\/06\/logo_hispanorama_tours_and_incentives3-1.png","contentUrl":"https:\/\/www.hispanorama-tours.com\/wp-content\/uploads\/2018\/06\/logo_hispanorama_tours_and_incentives3-1.png","width":185,"height":120,"caption":"DMC for Spain Hispanorama tours & incentives"},"image":{"@id":"https:\/\/www.hispanorama-tours.com\/de_ch\/#\/schema\/logo\/image\/"},"sameAs":["https:\/\/www.facebook.com\/HispanoramaTours\/","https:\/\/x.com\/HispanoramaMAD","https:\/\/www.linkedin.com\/company\/hispanorama-tours-&amp;-incentives\/"]},{"@type":"Person","@id":"https:\/\/www.hispanorama-tours.com\/de_ch\/#\/schema\/person\/c57da6219d5c7903e17593ea214d1766","name":"Katharina Giesler"}]}},"_links":{"self":[{"href":"https:\/\/www.hispanorama-tours.com\/de_ch\/wp-json\/wp\/v2\/posts\/12038","targetHints":{"allow":["GET"]}}],"collection":[{"href":"https:\/\/www.hispanorama-tours.com\/de_ch\/wp-json\/wp\/v2\/posts"}],"about":[{"href":"https:\/\/www.hispanorama-tours.com\/de_ch\/wp-json\/wp\/v2\/types\/post"}],"author":[{"embeddable":true,"href":"https:\/\/www.hispanorama-tours.com\/de_ch\/wp-json\/wp\/v2\/users\/1"}],"replies":[{"embeddable":true,"href":"https:\/\/www.hispanorama-tours.com\/de_ch\/wp-json\/wp\/v2\/comments?post=12038"}],"version-history":[{"count":0,"href":"https:\/\/www.hispanorama-tours.com\/de_ch\/wp-json\/wp\/v2\/posts\/12038\/revisions"}],"wp:featuredmedia":[{"embeddable":true,"href":"https:\/\/www.hispanorama-tours.com\/de_ch\/wp-json\/wp\/v2\/media\/12039"}],"wp:attachment":[{"href":"https:\/\/www.hispanorama-tours.com\/de_ch\/wp-json\/wp\/v2\/media?parent=12038"}],"wp:term":[{"taxonomy":"category","embeddable":true,"href":"https:\/\/www.hispanorama-tours.com\/de_ch\/wp-json\/wp\/v2\/categories?post=12038"},{"taxonomy":"post_tag","embeddable":true,"href":"https:\/\/www.hispanorama-tours.com\/de_ch\/wp-json\/wp\/v2\/tags?post=12038"}],"curies":[{"name":"wp","href":"https:\/\/api.w.org\/{rel}","templated":true}]}}