
{"id":11963,"date":"2016-04-05T09:00:32","date_gmt":"2016-04-05T07:00:32","guid":{"rendered":"http:\/\/www.hispanorama-tours.com\/uncategorized-de_ch\/fruehling-in-spanien-das-jerte-tal\/"},"modified":"2019-01-15T12:51:56","modified_gmt":"2019-01-15T11:51:56","slug":"fruehling-in-spanien-das-jerte-tal","status":"publish","type":"post","link":"https:\/\/www.hispanorama-tours.com\/de_ch\/dmc-fuer-spanien-blog\/extremadura\/fruehling-in-spanien-das-jerte-tal\/","title":{"rendered":"Fr\u00fchling in Spanien: Das Jerte &#8211; Tal"},"content":{"rendered":"<p>Jeden Fr\u00fchling machen viele Besucher eine Reise ins Jerte-Tal, in der N\u00e4he der Stadt Caceres in Extremadura, Westspanien. Sie kommen, um die wundersch\u00f6ne in wei\u03b2 gekleidete H\u00fcgellandschaft zu sehen. Schneeflocken sind allerdings nicht in Sicht- das Land ist bedeckt von Kirschbl\u00fcten.<\/p>\n<p><strong>Das gro<\/strong><strong>\u03b2<\/strong><strong>e Bl\u00fchen<\/strong><\/p>\n<p>Die Kirschbl\u00fcte dauert nur ungef\u00e4hr 10 Tage lang, anfangend meist ab Ende M\u00e4rz oder Anfang April, eine kurze Zeitspanne, die das Ganze zu einem noch spezielleren Erlebnis macht: das Naturwunder, da\u03b2 zwei Millionen Kirschb\u00e4ume gleichzeitig bl\u00fchen. Es scheint ein Traum zu sein&#8230;. die duftenden Bl\u00fcten reichen soweit das Auge reicht und die in dieser spektakul\u00e4ren Landschaft gelegenen D\u00f6rfer sind gleicherweise charmant.<\/p>\n<p>Die Besucher k\u00f6nnen den Tag (oder mehrere) verbringen indem sie von Dorf zu Dorf bummeln und den Zauber der <em>cerezo en flor<\/em> (Kirschbl\u00fcte) einatmen, w\u00e4hrend sie eine weniger bekannte Region Spaniens kennenlernen. Der beste Weg sich fortzubewegen ist definitiv zu Fu\u03b2 oder auf dem Fahrrad, es gibt 21 markierte Wege denen man problemlos folgen kann.<\/p>\n<p><a href=\"https:\/\/www.hispanorama-tours.com\/wp-content\/uploads\/2016\/04\/Valle-del-Jerte_8.jpg\"><img loading=\"lazy\" decoding=\"async\" class=\"aligncenter size-full wp-image-6888\" src=\"https:\/\/www.hispanorama-tours.com\/wp-content\/uploads\/2016\/04\/Valle-del-Jerte_4.jpg\" alt=\"Valle del Jerte_4\" width=\"640\" height=\"427\" srcset=\"https:\/\/www.hispanorama-tours.com\/wp-content\/uploads\/2016\/04\/Valle-del-Jerte_4.jpg 640w, https:\/\/www.hispanorama-tours.com\/wp-content\/uploads\/2016\/04\/Valle-del-Jerte_4-300x200.jpg 300w, https:\/\/www.hispanorama-tours.com\/wp-content\/uploads\/2016\/04\/Valle-del-Jerte_4-195x130.jpg 195w\" sizes=\"(max-width: 640px) 100vw, 640px\" \/><\/a><\/p>\n<p><a href=\"https:\/\/www.hispanorama-tours.com\/wp-content\/uploads\/2016\/04\/Valle-del-Jerte_8.jpg\"><img loading=\"lazy\" decoding=\"async\" class=\"aligncenter size-full wp-image-6892\" src=\"https:\/\/www.hispanorama-tours.com\/wp-content\/uploads\/2016\/04\/Valle-del-Jerte_8.jpg\" alt=\"Valle del Jerte_8\" width=\"640\" height=\"427\" srcset=\"https:\/\/www.hispanorama-tours.com\/wp-content\/uploads\/2016\/04\/Valle-del-Jerte_8.jpg 640w, https:\/\/www.hispanorama-tours.com\/wp-content\/uploads\/2016\/04\/Valle-del-Jerte_8-300x200.jpg 300w, https:\/\/www.hispanorama-tours.com\/wp-content\/uploads\/2016\/04\/Valle-del-Jerte_8-195x130.jpg 195w\" sizes=\"(max-width: 640px) 100vw, 640px\" \/><\/a><\/p>\n<p><strong>Abseits der ausgetretenen Pfade<\/strong><\/p>\n<p>Die Region der Extremadura, wo sich das Jerte-Tal befindet, ist leider noch etwas unterbewertet, wobei sie mit wundervollen \u00dcberraschungen aufwartet: Wildtierreservate, mittelalterliche D\u00f6rfer, und eine exquisite K\u00fcche in welcher die Kirschen im Fr\u00fchling nat\u00fcrlich eine besondere Rolle spielen.<\/p>\n<p>Im Jerte-Tag selbst k\u00f6nnen Besucher auch viele Sportarten aus\u00fcben: Fahrradfahren, Reiten, Wandern, Angeln&#8230; und sogar Gleitschirmfliegen.<\/p>\n<p>Caceres mit ca. 100.000 Einwohnern ist auch einen Besuch wert. Sie ist eine UNESCO- Weltkulturerbe -Stadt, malerisch mit einer reichen Geschichte die man heute noch an ihrer Architektur erkennen kann. Guterhaltene Ruinen aus dem Mittelalter, der r\u00f6mischen Besetzung, der maurischen Besetzung und des Goldenen Zeitaleters der j\u00fcdischen Kultur in Spanien sind noch erhalten geblieben.<\/p>\n<p><a href=\"https:\/\/www.hispanorama-tours.com\/wp-content\/uploads\/2016\/04\/Valle-del-Jerte_6.jpg\"><img loading=\"lazy\" decoding=\"async\" class=\"aligncenter size-full wp-image-6891\" src=\"https:\/\/www.hispanorama-tours.com\/wp-content\/uploads\/2016\/04\/Valle-del-Jerte_7.jpg\" alt=\"Valle del Jerte_7\" width=\"640\" height=\"427\" srcset=\"https:\/\/www.hispanorama-tours.com\/wp-content\/uploads\/2016\/04\/Valle-del-Jerte_7.jpg 640w, https:\/\/www.hispanorama-tours.com\/wp-content\/uploads\/2016\/04\/Valle-del-Jerte_7-300x200.jpg 300w, https:\/\/www.hispanorama-tours.com\/wp-content\/uploads\/2016\/04\/Valle-del-Jerte_7-195x130.jpg 195w\" sizes=\"(max-width: 640px) 100vw, 640px\" \/><\/a><\/p>\n<p><a href=\"https:\/\/www.hispanorama-tours.com\/wp-content\/uploads\/2016\/04\/Valle-del-Jerte_6.jpg\"><img loading=\"lazy\" decoding=\"async\" class=\"aligncenter size-full wp-image-6889\" src=\"https:\/\/www.hispanorama-tours.com\/wp-content\/uploads\/2016\/04\/Valle-del-Jerte_5.jpg\" alt=\"Valle del Jerte_5\" width=\"640\" height=\"427\" srcset=\"https:\/\/www.hispanorama-tours.com\/wp-content\/uploads\/2016\/04\/Valle-del-Jerte_5.jpg 640w, https:\/\/www.hispanorama-tours.com\/wp-content\/uploads\/2016\/04\/Valle-del-Jerte_5-300x200.jpg 300w, https:\/\/www.hispanorama-tours.com\/wp-content\/uploads\/2016\/04\/Valle-del-Jerte_5-195x130.jpg 195w\" sizes=\"(max-width: 640px) 100vw, 640px\" \/><\/a><\/p>\n<p><a href=\"https:\/\/www.hispanorama-tours.com\/wp-content\/uploads\/2016\/04\/Valle-del-Jerte_6.jpg\"><img loading=\"lazy\" decoding=\"async\" class=\"aligncenter size-full wp-image-6890\" src=\"https:\/\/www.hispanorama-tours.com\/wp-content\/uploads\/2016\/04\/Valle-del-Jerte_6.jpg\" alt=\"Valle del Jerte_6\" width=\"640\" height=\"411\" srcset=\"https:\/\/www.hispanorama-tours.com\/wp-content\/uploads\/2016\/04\/Valle-del-Jerte_6.jpg 640w, https:\/\/www.hispanorama-tours.com\/wp-content\/uploads\/2016\/04\/Valle-del-Jerte_6-300x193.jpg 300w\" sizes=\"(max-width: 640px) 100vw, 640px\" \/><\/a><\/p>\n<p><strong>Das Kirschbl\u00fcten- Festival<\/strong><\/p>\n<p>Was k\u00f6nnte einladender sein? Und die Wahrheit ist, das Kirschbl\u00fcten-Festival ist wirklich so s\u00fc\u03b2 wie es sich anh\u00f6rt.<\/p>\n<p>In allen D\u00f6rfern der Jerte-Tals finden Ausstellungen, mittelalterliche M\u00e4rkte, Open-Air- Veranstaltungen, Verkostungen verschiedenster kulinarischer K\u00f6stlichkeiten, Musikauff\u00fchrungen, gef\u00fchrte Touren des <em>Los Infiernos Naturreservates<\/em> und des Kirschmuseums statt.<\/p>\n<p>Das Festival beginnt am 19. M\u00e4rz und dauert bis zum 3. Mai. Wie w\u00e4re es wenn Sie n\u00e4chstes Jahr das Kirschbl\u00fcten-Festival in ihre Extremadura &#8211; Gruppenreise einschliessen? Fragen Sie unser Programm an!<\/p>\n<p><a href=\"https:\/\/www.hispanorama-tours.com\/wp-content\/uploads\/2016\/04\/Valle-del-Jerte_3.jpg\"><img loading=\"lazy\" decoding=\"async\" class=\"aligncenter size-full wp-image-6887\" src=\"https:\/\/www.hispanorama-tours.com\/wp-content\/uploads\/2016\/04\/Valle-del-Jerte_3.jpg\" alt=\"Valle del Jerte_3\" width=\"640\" height=\"427\" srcset=\"https:\/\/www.hispanorama-tours.com\/wp-content\/uploads\/2016\/04\/Valle-del-Jerte_3.jpg 640w, https:\/\/www.hispanorama-tours.com\/wp-content\/uploads\/2016\/04\/Valle-del-Jerte_3-300x200.jpg 300w, https:\/\/www.hispanorama-tours.com\/wp-content\/uploads\/2016\/04\/Valle-del-Jerte_3-195x130.jpg 195w\" sizes=\"(max-width: 640px) 100vw, 640px\" \/><\/a><\/p>\n<p><a href=\"https:\/\/www.hispanorama-tours.com\/wp-content\/uploads\/2016\/04\/Valle-del-Jerte_1.jpg\"><img loading=\"lazy\" decoding=\"async\" class=\"aligncenter size-full wp-image-6885\" src=\"https:\/\/www.hispanorama-tours.com\/wp-content\/uploads\/2016\/04\/Valle-del-Jerte_1.jpg\" alt=\"Valle del Jerte_1\" width=\"640\" height=\"417\" srcset=\"https:\/\/www.hispanorama-tours.com\/wp-content\/uploads\/2016\/04\/Valle-del-Jerte_1.jpg 640w, https:\/\/www.hispanorama-tours.com\/wp-content\/uploads\/2016\/04\/Valle-del-Jerte_1-300x195.jpg 300w\" sizes=\"(max-width: 640px) 100vw, 640px\" \/><\/a><\/p>\n<p>Fotos von <a href=\"http:\/\/turismoextremadura.com\" target=\"_blank\">Turismo Extremadura<\/a> und <a href=\"http:\/\/www.turismovalledeljerte.com\/\" target=\"_blank\">Mancomunidad del Valle del Jerte<\/a><\/p>\n","protected":false},"excerpt":{"rendered":"<p>Jeden Fr\u00fchling machen viele Besucher eine Reise ins Jerte-Tal, in der N\u00e4he der Stadt Caceres in Extremadura, Westspanien. Sie kommen, um die wundersch\u00f6ne in wei\u03b2 gekleidete H\u00fcgellandschaft zu sehen. Schneeflocken sind allerdings nicht in Sicht- das Land ist bedeckt von Kirschbl\u00fcten. Das gro\u03b2e Bl\u00fchen Die Kirschbl\u00fcte dauert nur ungef\u00e4hr 10 Tage lang, anfangend meist ab [&hellip;]<\/p>\n","protected":false},"author":1,"featured_media":11965,"comment_status":"open","ping_status":"open","sticky":false,"template":"","format":"standard","meta":{"_et_pb_use_builder":"","_et_pb_old_content":"","_et_gb_content_width":"","inline_featured_image":false,"footnotes":""},"categories":[775],"tags":[760,4715,1507,4386,4736,776,1167,4733,4758,4759,4760,1447,927,1448],"class_list":["post-11963","post","type-post","status-publish","format-standard","has-post-thumbnail","hentry","category-extremadura","tag-caceres-de_ch","tag-destination-management-company-in-spanien-de_ch","tag-dmc-de_ch","tag-dmc-fuer-spanien","tag-dmc-spanien-incentives-de_ch","tag-extremadura-de_ch","tag-gruppenreise-nach-spanien-de_ch","tag-gruppenreisen-in-spanien-de_ch","tag-incentive-reisen-und-events-de_ch","tag-incentivereisen-in-spanien-de_ch","tag-incentives-in-spanien-de_ch","tag-kirschbluete-de_ch","tag-spanien-de_ch","tag-valle-del-jerte-de_ch"],"yoast_head":"<!-- This site is optimized with the Yoast SEO plugin v26.9 - https:\/\/yoast.com\/product\/yoast-seo-wordpress\/ -->\n<title>Fr\u00fchling in Spanien: Das Jerte - Tal - DMC Spanien<\/title>\n<meta name=\"robots\" content=\"index, follow, max-snippet:-1, max-image-preview:large, max-video-preview:-1\" \/>\n<link rel=\"canonical\" href=\"https:\/\/www.hispanorama-tours.com\/de_ch\/dmc-fuer-spanien-blog\/extremadura\/fruehling-in-spanien-das-jerte-tal\/\" \/>\n<meta property=\"og:locale\" content=\"de_DE\" \/>\n<meta property=\"og:type\" content=\"article\" \/>\n<meta property=\"og:title\" content=\"Fr\u00fchling in Spanien: Das Jerte - Tal - DMC Spanien\" \/>\n<meta property=\"og:description\" content=\"Jeden Fr\u00fchling machen viele Besucher eine Reise ins Jerte-Tal, in der N\u00e4he der Stadt Caceres in Extremadura, Westspanien. Sie kommen, um die wundersch\u00f6ne in wei\u03b2 gekleidete H\u00fcgellandschaft zu sehen. Schneeflocken sind allerdings nicht in Sicht- das Land ist bedeckt von Kirschbl\u00fcten. Das gro\u03b2e Bl\u00fchen Die Kirschbl\u00fcte dauert nur ungef\u00e4hr 10 Tage lang, anfangend meist ab [&hellip;]\" \/>\n<meta property=\"og:url\" content=\"https:\/\/www.hispanorama-tours.com\/de_ch\/dmc-fuer-spanien-blog\/extremadura\/fruehling-in-spanien-das-jerte-tal\/\" \/>\n<meta property=\"og:site_name\" content=\"DMC Spanien\" \/>\n<meta property=\"article:publisher\" content=\"https:\/\/www.facebook.com\/HispanoramaTours\/\" \/>\n<meta property=\"article:published_time\" content=\"2016-04-05T07:00:32+00:00\" \/>\n<meta property=\"article:modified_time\" content=\"2019-01-15T11:51:56+00:00\" \/>\n<meta property=\"og:image\" content=\"https:\/\/www.hispanorama-tours.com\/wp-content\/uploads\/2016\/04\/Valle-del-Jerte_2.jpg\" \/>\n\t<meta property=\"og:image:width\" content=\"640\" \/>\n\t<meta property=\"og:image:height\" content=\"435\" \/>\n\t<meta property=\"og:image:type\" content=\"image\/jpeg\" \/>\n<meta name=\"author\" content=\"Katharina Giesler\" \/>\n<meta name=\"twitter:card\" content=\"summary_large_image\" \/>\n<meta name=\"twitter:creator\" content=\"@HispanoramaMAD\" \/>\n<meta name=\"twitter:site\" content=\"@HispanoramaMAD\" \/>\n<meta name=\"twitter:label1\" content=\"Geschrieben von\" \/>\n\t<meta name=\"twitter:data1\" content=\"Katharina Giesler\" \/>\n\t<meta name=\"twitter:label2\" content=\"Gesch\u00e4tzte Lesezeit\" \/>\n\t<meta name=\"twitter:data2\" content=\"2\u00a0Minuten\" \/>\n<script type=\"application\/ld+json\" class=\"yoast-schema-graph\">{\"@context\":\"https:\/\/schema.org\",\"@graph\":[{\"@type\":\"Article\",\"@id\":\"https:\/\/www.hispanorama-tours.com\/de_ch\/dmc-fuer-spanien-blog\/extremadura\/fruehling-in-spanien-das-jerte-tal\/#article\",\"isPartOf\":{\"@id\":\"https:\/\/www.hispanorama-tours.com\/de_ch\/dmc-fuer-spanien-blog\/extremadura\/fruehling-in-spanien-das-jerte-tal\/\"},\"author\":{\"name\":\"Katharina Giesler\",\"@id\":\"https:\/\/www.hispanorama-tours.com\/de_ch\/#\/schema\/person\/c57da6219d5c7903e17593ea214d1766\"},\"headline\":\"Fr\u00fchling in Spanien: Das Jerte &#8211; Tal\",\"datePublished\":\"2016-04-05T07:00:32+00:00\",\"dateModified\":\"2019-01-15T11:51:56+00:00\",\"mainEntityOfPage\":{\"@id\":\"https:\/\/www.hispanorama-tours.com\/de_ch\/dmc-fuer-spanien-blog\/extremadura\/fruehling-in-spanien-das-jerte-tal\/\"},\"wordCount\":403,\"commentCount\":0,\"publisher\":{\"@id\":\"https:\/\/www.hispanorama-tours.com\/de_ch\/#organization\"},\"image\":{\"@id\":\"https:\/\/www.hispanorama-tours.com\/de_ch\/dmc-fuer-spanien-blog\/extremadura\/fruehling-in-spanien-das-jerte-tal\/#primaryimage\"},\"thumbnailUrl\":\"https:\/\/www.hispanorama-tours.com\/wp-content\/uploads\/2016\/04\/Valle-del-Jerte_2.jpg\",\"keywords\":[\"Caceres\",\"Destination Management Company in Spanien\",\"DMC\",\"DMC f\u00fcr Spanien\",\"dmc spanien incentives\",\"Extremadura\",\"Gruppenreise nach Spanien\",\"Gruppenreisen in Spanien\",\"incentive reisen und events\",\"Incentivereisen in Spanien\",\"Incentives in Spanien\",\"Kirschbl\u00fcte\",\"Spanien\",\"Valle del Jerte\"],\"articleSection\":[\"Extremadura\"],\"inLanguage\":\"de-CH\",\"potentialAction\":[{\"@type\":\"CommentAction\",\"name\":\"Comment\",\"target\":[\"https:\/\/www.hispanorama-tours.com\/de_ch\/dmc-fuer-spanien-blog\/extremadura\/fruehling-in-spanien-das-jerte-tal\/#respond\"]}]},{\"@type\":\"WebPage\",\"@id\":\"https:\/\/www.hispanorama-tours.com\/de_ch\/dmc-fuer-spanien-blog\/extremadura\/fruehling-in-spanien-das-jerte-tal\/\",\"url\":\"https:\/\/www.hispanorama-tours.com\/de_ch\/dmc-fuer-spanien-blog\/extremadura\/fruehling-in-spanien-das-jerte-tal\/\",\"name\":\"Fr\u00fchling in Spanien: Das Jerte - Tal - DMC Spanien\",\"isPartOf\":{\"@id\":\"https:\/\/www.hispanorama-tours.com\/de_ch\/#website\"},\"primaryImageOfPage\":{\"@id\":\"https:\/\/www.hispanorama-tours.com\/de_ch\/dmc-fuer-spanien-blog\/extremadura\/fruehling-in-spanien-das-jerte-tal\/#primaryimage\"},\"image\":{\"@id\":\"https:\/\/www.hispanorama-tours.com\/de_ch\/dmc-fuer-spanien-blog\/extremadura\/fruehling-in-spanien-das-jerte-tal\/#primaryimage\"},\"thumbnailUrl\":\"https:\/\/www.hispanorama-tours.com\/wp-content\/uploads\/2016\/04\/Valle-del-Jerte_2.jpg\",\"datePublished\":\"2016-04-05T07:00:32+00:00\",\"dateModified\":\"2019-01-15T11:51:56+00:00\",\"breadcrumb\":{\"@id\":\"https:\/\/www.hispanorama-tours.com\/de_ch\/dmc-fuer-spanien-blog\/extremadura\/fruehling-in-spanien-das-jerte-tal\/#breadcrumb\"},\"inLanguage\":\"de-CH\",\"potentialAction\":[{\"@type\":\"ReadAction\",\"target\":[\"https:\/\/www.hispanorama-tours.com\/de_ch\/dmc-fuer-spanien-blog\/extremadura\/fruehling-in-spanien-das-jerte-tal\/\"]}]},{\"@type\":\"ImageObject\",\"inLanguage\":\"de-CH\",\"@id\":\"https:\/\/www.hispanorama-tours.com\/de_ch\/dmc-fuer-spanien-blog\/extremadura\/fruehling-in-spanien-das-jerte-tal\/#primaryimage\",\"url\":\"https:\/\/www.hispanorama-tours.com\/wp-content\/uploads\/2016\/04\/Valle-del-Jerte_2.jpg\",\"contentUrl\":\"https:\/\/www.hispanorama-tours.com\/wp-content\/uploads\/2016\/04\/Valle-del-Jerte_2.jpg\",\"width\":640,\"height\":435},{\"@type\":\"BreadcrumbList\",\"@id\":\"https:\/\/www.hispanorama-tours.com\/de_ch\/dmc-fuer-spanien-blog\/extremadura\/fruehling-in-spanien-das-jerte-tal\/#breadcrumb\",\"itemListElement\":[{\"@type\":\"ListItem\",\"position\":1,\"name\":\"Home\",\"item\":\"https:\/\/www.hispanorama-tours.com\/de_ch\/\"},{\"@type\":\"ListItem\",\"position\":2,\"name\":\"Fr\u00fchling in Spanien: Das Jerte &#8211; Tal\"}]},{\"@type\":\"WebSite\",\"@id\":\"https:\/\/www.hispanorama-tours.com\/de_ch\/#website\",\"url\":\"https:\/\/www.hispanorama-tours.com\/de_ch\/\",\"name\":\"DMC Spanien\",\"description\":\"Destination Management Company (DMC) in Spanien\",\"publisher\":{\"@id\":\"https:\/\/www.hispanorama-tours.com\/de_ch\/#organization\"},\"potentialAction\":[{\"@type\":\"SearchAction\",\"target\":{\"@type\":\"EntryPoint\",\"urlTemplate\":\"https:\/\/www.hispanorama-tours.com\/de_ch\/?s={search_term_string}\"},\"query-input\":{\"@type\":\"PropertyValueSpecification\",\"valueRequired\":true,\"valueName\":\"search_term_string\"}}],\"inLanguage\":\"de-CH\"},{\"@type\":\"Organization\",\"@id\":\"https:\/\/www.hispanorama-tours.com\/de_ch\/#organization\",\"name\":\"DMC for Spain Hispanorama tours & incentives\",\"url\":\"https:\/\/www.hispanorama-tours.com\/de_ch\/\",\"logo\":{\"@type\":\"ImageObject\",\"inLanguage\":\"de-CH\",\"@id\":\"https:\/\/www.hispanorama-tours.com\/de_ch\/#\/schema\/logo\/image\/\",\"url\":\"https:\/\/www.hispanorama-tours.com\/wp-content\/uploads\/2018\/06\/logo_hispanorama_tours_and_incentives3-1.png\",\"contentUrl\":\"https:\/\/www.hispanorama-tours.com\/wp-content\/uploads\/2018\/06\/logo_hispanorama_tours_and_incentives3-1.png\",\"width\":185,\"height\":120,\"caption\":\"DMC for Spain Hispanorama tours & incentives\"},\"image\":{\"@id\":\"https:\/\/www.hispanorama-tours.com\/de_ch\/#\/schema\/logo\/image\/\"},\"sameAs\":[\"https:\/\/www.facebook.com\/HispanoramaTours\/\",\"https:\/\/x.com\/HispanoramaMAD\",\"https:\/\/www.linkedin.com\/company\/hispanorama-tours-&amp;-incentives\/\"]},{\"@type\":\"Person\",\"@id\":\"https:\/\/www.hispanorama-tours.com\/de_ch\/#\/schema\/person\/c57da6219d5c7903e17593ea214d1766\",\"name\":\"Katharina Giesler\"}]}<\/script>\n<!-- \/ Yoast SEO plugin. -->","yoast_head_json":{"title":"Fr\u00fchling in Spanien: Das Jerte - Tal - DMC Spanien","robots":{"index":"index","follow":"follow","max-snippet":"max-snippet:-1","max-image-preview":"max-image-preview:large","max-video-preview":"max-video-preview:-1"},"canonical":"https:\/\/www.hispanorama-tours.com\/de_ch\/dmc-fuer-spanien-blog\/extremadura\/fruehling-in-spanien-das-jerte-tal\/","og_locale":"de_DE","og_type":"article","og_title":"Fr\u00fchling in Spanien: Das Jerte - Tal - DMC Spanien","og_description":"Jeden Fr\u00fchling machen viele Besucher eine Reise ins Jerte-Tal, in der N\u00e4he der Stadt Caceres in Extremadura, Westspanien. Sie kommen, um die wundersch\u00f6ne in wei\u03b2 gekleidete H\u00fcgellandschaft zu sehen. Schneeflocken sind allerdings nicht in Sicht- das Land ist bedeckt von Kirschbl\u00fcten. Das gro\u03b2e Bl\u00fchen Die Kirschbl\u00fcte dauert nur ungef\u00e4hr 10 Tage lang, anfangend meist ab [&hellip;]","og_url":"https:\/\/www.hispanorama-tours.com\/de_ch\/dmc-fuer-spanien-blog\/extremadura\/fruehling-in-spanien-das-jerte-tal\/","og_site_name":"DMC Spanien","article_publisher":"https:\/\/www.facebook.com\/HispanoramaTours\/","article_published_time":"2016-04-05T07:00:32+00:00","article_modified_time":"2019-01-15T11:51:56+00:00","og_image":[{"width":640,"height":435,"url":"https:\/\/www.hispanorama-tours.com\/wp-content\/uploads\/2016\/04\/Valle-del-Jerte_2.jpg","type":"image\/jpeg"}],"author":"Katharina Giesler","twitter_card":"summary_large_image","twitter_creator":"@HispanoramaMAD","twitter_site":"@HispanoramaMAD","twitter_misc":{"Geschrieben von":"Katharina Giesler","Gesch\u00e4tzte Lesezeit":"2\u00a0Minuten"},"schema":{"@context":"https:\/\/schema.org","@graph":[{"@type":"Article","@id":"https:\/\/www.hispanorama-tours.com\/de_ch\/dmc-fuer-spanien-blog\/extremadura\/fruehling-in-spanien-das-jerte-tal\/#article","isPartOf":{"@id":"https:\/\/www.hispanorama-tours.com\/de_ch\/dmc-fuer-spanien-blog\/extremadura\/fruehling-in-spanien-das-jerte-tal\/"},"author":{"name":"Katharina Giesler","@id":"https:\/\/www.hispanorama-tours.com\/de_ch\/#\/schema\/person\/c57da6219d5c7903e17593ea214d1766"},"headline":"Fr\u00fchling in Spanien: Das Jerte &#8211; Tal","datePublished":"2016-04-05T07:00:32+00:00","dateModified":"2019-01-15T11:51:56+00:00","mainEntityOfPage":{"@id":"https:\/\/www.hispanorama-tours.com\/de_ch\/dmc-fuer-spanien-blog\/extremadura\/fruehling-in-spanien-das-jerte-tal\/"},"wordCount":403,"commentCount":0,"publisher":{"@id":"https:\/\/www.hispanorama-tours.com\/de_ch\/#organization"},"image":{"@id":"https:\/\/www.hispanorama-tours.com\/de_ch\/dmc-fuer-spanien-blog\/extremadura\/fruehling-in-spanien-das-jerte-tal\/#primaryimage"},"thumbnailUrl":"https:\/\/www.hispanorama-tours.com\/wp-content\/uploads\/2016\/04\/Valle-del-Jerte_2.jpg","keywords":["Caceres","Destination Management Company in Spanien","DMC","DMC f\u00fcr Spanien","dmc spanien incentives","Extremadura","Gruppenreise nach Spanien","Gruppenreisen in Spanien","incentive reisen und events","Incentivereisen in Spanien","Incentives in Spanien","Kirschbl\u00fcte","Spanien","Valle del Jerte"],"articleSection":["Extremadura"],"inLanguage":"de-CH","potentialAction":[{"@type":"CommentAction","name":"Comment","target":["https:\/\/www.hispanorama-tours.com\/de_ch\/dmc-fuer-spanien-blog\/extremadura\/fruehling-in-spanien-das-jerte-tal\/#respond"]}]},{"@type":"WebPage","@id":"https:\/\/www.hispanorama-tours.com\/de_ch\/dmc-fuer-spanien-blog\/extremadura\/fruehling-in-spanien-das-jerte-tal\/","url":"https:\/\/www.hispanorama-tours.com\/de_ch\/dmc-fuer-spanien-blog\/extremadura\/fruehling-in-spanien-das-jerte-tal\/","name":"Fr\u00fchling in Spanien: Das Jerte - Tal - DMC Spanien","isPartOf":{"@id":"https:\/\/www.hispanorama-tours.com\/de_ch\/#website"},"primaryImageOfPage":{"@id":"https:\/\/www.hispanorama-tours.com\/de_ch\/dmc-fuer-spanien-blog\/extremadura\/fruehling-in-spanien-das-jerte-tal\/#primaryimage"},"image":{"@id":"https:\/\/www.hispanorama-tours.com\/de_ch\/dmc-fuer-spanien-blog\/extremadura\/fruehling-in-spanien-das-jerte-tal\/#primaryimage"},"thumbnailUrl":"https:\/\/www.hispanorama-tours.com\/wp-content\/uploads\/2016\/04\/Valle-del-Jerte_2.jpg","datePublished":"2016-04-05T07:00:32+00:00","dateModified":"2019-01-15T11:51:56+00:00","breadcrumb":{"@id":"https:\/\/www.hispanorama-tours.com\/de_ch\/dmc-fuer-spanien-blog\/extremadura\/fruehling-in-spanien-das-jerte-tal\/#breadcrumb"},"inLanguage":"de-CH","potentialAction":[{"@type":"ReadAction","target":["https:\/\/www.hispanorama-tours.com\/de_ch\/dmc-fuer-spanien-blog\/extremadura\/fruehling-in-spanien-das-jerte-tal\/"]}]},{"@type":"ImageObject","inLanguage":"de-CH","@id":"https:\/\/www.hispanorama-tours.com\/de_ch\/dmc-fuer-spanien-blog\/extremadura\/fruehling-in-spanien-das-jerte-tal\/#primaryimage","url":"https:\/\/www.hispanorama-tours.com\/wp-content\/uploads\/2016\/04\/Valle-del-Jerte_2.jpg","contentUrl":"https:\/\/www.hispanorama-tours.com\/wp-content\/uploads\/2016\/04\/Valle-del-Jerte_2.jpg","width":640,"height":435},{"@type":"BreadcrumbList","@id":"https:\/\/www.hispanorama-tours.com\/de_ch\/dmc-fuer-spanien-blog\/extremadura\/fruehling-in-spanien-das-jerte-tal\/#breadcrumb","itemListElement":[{"@type":"ListItem","position":1,"name":"Home","item":"https:\/\/www.hispanorama-tours.com\/de_ch\/"},{"@type":"ListItem","position":2,"name":"Fr\u00fchling in Spanien: Das Jerte &#8211; Tal"}]},{"@type":"WebSite","@id":"https:\/\/www.hispanorama-tours.com\/de_ch\/#website","url":"https:\/\/www.hispanorama-tours.com\/de_ch\/","name":"DMC Spanien","description":"Destination Management Company (DMC) in Spanien","publisher":{"@id":"https:\/\/www.hispanorama-tours.com\/de_ch\/#organization"},"potentialAction":[{"@type":"SearchAction","target":{"@type":"EntryPoint","urlTemplate":"https:\/\/www.hispanorama-tours.com\/de_ch\/?s={search_term_string}"},"query-input":{"@type":"PropertyValueSpecification","valueRequired":true,"valueName":"search_term_string"}}],"inLanguage":"de-CH"},{"@type":"Organization","@id":"https:\/\/www.hispanorama-tours.com\/de_ch\/#organization","name":"DMC for Spain Hispanorama tours & incentives","url":"https:\/\/www.hispanorama-tours.com\/de_ch\/","logo":{"@type":"ImageObject","inLanguage":"de-CH","@id":"https:\/\/www.hispanorama-tours.com\/de_ch\/#\/schema\/logo\/image\/","url":"https:\/\/www.hispanorama-tours.com\/wp-content\/uploads\/2018\/06\/logo_hispanorama_tours_and_incentives3-1.png","contentUrl":"https:\/\/www.hispanorama-tours.com\/wp-content\/uploads\/2018\/06\/logo_hispanorama_tours_and_incentives3-1.png","width":185,"height":120,"caption":"DMC for Spain Hispanorama tours & incentives"},"image":{"@id":"https:\/\/www.hispanorama-tours.com\/de_ch\/#\/schema\/logo\/image\/"},"sameAs":["https:\/\/www.facebook.com\/HispanoramaTours\/","https:\/\/x.com\/HispanoramaMAD","https:\/\/www.linkedin.com\/company\/hispanorama-tours-&amp;-incentives\/"]},{"@type":"Person","@id":"https:\/\/www.hispanorama-tours.com\/de_ch\/#\/schema\/person\/c57da6219d5c7903e17593ea214d1766","name":"Katharina Giesler"}]}},"_links":{"self":[{"href":"https:\/\/www.hispanorama-tours.com\/de_ch\/wp-json\/wp\/v2\/posts\/11963","targetHints":{"allow":["GET"]}}],"collection":[{"href":"https:\/\/www.hispanorama-tours.com\/de_ch\/wp-json\/wp\/v2\/posts"}],"about":[{"href":"https:\/\/www.hispanorama-tours.com\/de_ch\/wp-json\/wp\/v2\/types\/post"}],"author":[{"embeddable":true,"href":"https:\/\/www.hispanorama-tours.com\/de_ch\/wp-json\/wp\/v2\/users\/1"}],"replies":[{"embeddable":true,"href":"https:\/\/www.hispanorama-tours.com\/de_ch\/wp-json\/wp\/v2\/comments?post=11963"}],"version-history":[{"count":0,"href":"https:\/\/www.hispanorama-tours.com\/de_ch\/wp-json\/wp\/v2\/posts\/11963\/revisions"}],"wp:featuredmedia":[{"embeddable":true,"href":"https:\/\/www.hispanorama-tours.com\/de_ch\/wp-json\/wp\/v2\/media\/11965"}],"wp:attachment":[{"href":"https:\/\/www.hispanorama-tours.com\/de_ch\/wp-json\/wp\/v2\/media?parent=11963"}],"wp:term":[{"taxonomy":"category","embeddable":true,"href":"https:\/\/www.hispanorama-tours.com\/de_ch\/wp-json\/wp\/v2\/categories?post=11963"},{"taxonomy":"post_tag","embeddable":true,"href":"https:\/\/www.hispanorama-tours.com\/de_ch\/wp-json\/wp\/v2\/tags?post=11963"}],"curies":[{"name":"wp","href":"https:\/\/api.w.org\/{rel}","templated":true}]}}