
{"id":11953,"date":"2016-04-20T09:39:16","date_gmt":"2016-04-20T07:39:16","guid":{"rendered":"http:\/\/www.hispanorama-tours.com\/uncategorized-de_ch\/zeitalter-des-menschen-in-kastilien-und-leon\/"},"modified":"2019-01-15T12:51:31","modified_gmt":"2019-01-15T11:51:31","slug":"zeitalter-des-menschen-in-kastilien-und-leon","status":"publish","type":"post","link":"https:\/\/www.hispanorama-tours.com\/de_ch\/dmc-fuer-spanien-blog\/kastilien-und-leon\/zeitalter-des-menschen-in-kastilien-und-leon\/","title":{"rendered":"Zeitalter des Menschen in Kastilien und Le\u00f3n"},"content":{"rendered":"<p>Die religi\u00f6se Stiftung <em>Zeitalter des Menschen<\/em> <em>(Las Edades del Hombre)<\/em>\u00a0 wurde geschaffen, um die sakrale Kunst der zentralspanischen Region Kastilien und Le\u00f3n zu f\u00f6rdern. Seit ihrer Gr\u00fcndung im Jahr 1988, hat die Stiftung verschiedene wichtige Ausstellungen organisiert, in denen die religi\u00f6se Kunst und Geschichte Kastiliens aufgezeigt wird. Die diesj\u00e4hrige Ausstellung ist ein Muss f\u00fcr Ihre Gruppen die die Region besuchen!<\/p>\n<p><strong>Ausstellung 2016: AQVA<\/strong><\/p>\n<p>Wasser wurde das ganze Zeitalter durchweg als m\u00e4chtiges religi\u00f6ses Symbol benutzt, deshalb hat die <em>Zeitalter des Menschen Stiftung<\/em> ihre XXI. Ausstellung diesem essentiellen Element gewidmet.<\/p>\n<p>Wie auch in vorigen Ausgaben, nimmt die Ausstellung Bezug auf das spanische Erbe, haupts\u00e4chlich aus Kastilien und Le\u00f3n, mit K\u00fcnstlern wie Pedro Berruguete, Francisco de Zurbar\u00e1n, Juan de Juni, Gregorio Fernandez und Luis Salvador Carmona. Auch sind kontempor\u00e4re K\u00fcnstler wie Antonio Lopez und Carmen Laffon dabei.<\/p>\n<p>Die Ausstellung ist in sechs Teile gegliedert: <em>Das Wasser des Lebens<\/em>, seine Funktionen und seine Reinigungskraft; <em>Wegbereitung des Wassers<\/em> durchweg\u00a0 des Alten Testaments; <em>Die Himmelser\u00f6ffnung <\/em>mit dem Heiligen Johannes dem T\u00e4ufer als zentrale Figur; <em>Christus- die Quelle des lebendigen Wassers,<\/em> mit Bezug auf das Leben Christi mit Wasser; <em>Die uns rettende Taufe<\/em>, gewidmet der Sakramente der Taufe und <em>Wiedergeboren durch das Wasser und den Geist<\/em>, denjenigen Heiligen gewidmet die den meisten Bezug zu Wasser haben.<\/p>\n<p><a href=\"https:\/\/www.hispanorama-tours.com\/wp-content\/uploads\/2016\/04\/Virgen-de-la-mosca-bres.jpg\"><img loading=\"lazy\" decoding=\"async\" class=\"aligncenter size-full wp-image-6934\" src=\"https:\/\/www.hispanorama-tours.com\/wp-content\/uploads\/2016\/04\/Virgen-de-la-mosca-bres.jpg\" alt=\"Edades del hombre\" width=\"640\" height=\"740\" srcset=\"https:\/\/www.hispanorama-tours.com\/wp-content\/uploads\/2016\/04\/Virgen-de-la-mosca-bres.jpg 640w, https:\/\/www.hispanorama-tours.com\/wp-content\/uploads\/2016\/04\/Virgen-de-la-mosca-bres-259x300.jpg 259w\" sizes=\"(max-width: 640px) 100vw, 640px\" \/><\/a><\/p>\n<p><strong>Toro: Reich an Kultur und Gastronomie<\/strong><\/p>\n<p>Ferner der Ausstellung AQVA, hat alleine die Stadt\u00a0 Toro schon ein reiches Kulturerbe. Einst war sie Schauplatz eines wichtigen mittelalterlichen Gerichtshofs und besitzt heute noch eine Festung und eine zum Teil gut erhaltene Stadtmauer. Verschiedene architektonsche Stilrichtungen kann der Besucher an malerischen T\u00fcrmen, Kirchen und Heiligenschreinen erkennen.<\/p>\n<p>Weniger als 50 km von Toro entfernt befindet sich die Stadt Zamora, welche die gr\u00f6sste Sammlung romanischer Geb\u00e4ude in ganz Spanien hat. Ihre Burgen mit den Stadtmauern welche das historische Viertel der Stadt umrunden, stammen aus dem 11. Jahrhundert.<\/p>\n<p>Nach einem langen Sightseeing-Tag, k\u00f6nnen die Gruppen die exzellente K\u00fcche der Region um Toro und Zamora mit der Vielfalt der Zutaten und Aromen sch\u00e4tzen lernen. Die Region ist auch wichtiger Wein-Produzent mit Weinreben entlang des Duero \u2013 Flusses. Die dazugeh\u00f6rigen Weinkellereien k\u00f6nnen nat\u00fcrlich auch besichtigt werden mit abschliessender Wein-Degustation.<\/p>\n<p><a href=\"https:\/\/www.hispanorama-tours.com\/wp-content\/uploads\/2016\/04\/Colegiata-de-Toro-bres.jpg\"><img loading=\"lazy\" decoding=\"async\" class=\"aligncenter size-full wp-image-6932\" src=\"https:\/\/www.hispanorama-tours.com\/wp-content\/uploads\/2016\/04\/Colegiata-de-Toro-bres.jpg\" alt=\"Colegiata de Toro.tif\" width=\"640\" height=\"473\" srcset=\"https:\/\/www.hispanorama-tours.com\/wp-content\/uploads\/2016\/04\/Colegiata-de-Toro-bres.jpg 640w, https:\/\/www.hispanorama-tours.com\/wp-content\/uploads\/2016\/04\/Colegiata-de-Toro-bres-300x222.jpg 300w\" sizes=\"(max-width: 640px) 100vw, 640px\" \/><\/a><\/p>\n<p><a href=\"https:\/\/www.hispanorama-tours.com\/wp-content\/uploads\/2016\/04\/01_zamora_toro_colegiata_1-bres.jpg\"><img loading=\"lazy\" decoding=\"async\" class=\"aligncenter size-full wp-image-6930\" src=\"https:\/\/www.hispanorama-tours.com\/wp-content\/uploads\/2016\/04\/01_zamora_toro_colegiata_1-bres.jpg\" alt=\"01_zamora_toro_colegiata_1 bres\" width=\"640\" height=\"974\" srcset=\"https:\/\/www.hispanorama-tours.com\/wp-content\/uploads\/2016\/04\/01_zamora_toro_colegiata_1-bres.jpg 640w, https:\/\/www.hispanorama-tours.com\/wp-content\/uploads\/2016\/04\/01_zamora_toro_colegiata_1-bres-197x300.jpg 197w\" sizes=\"(max-width: 640px) 100vw, 640px\" \/><\/a><\/p>\n<p><a href=\"https:\/\/www.hispanorama-tours.com\/wp-content\/uploads\/2016\/04\/Ruinas-del-puente-viejo-duero-bres.jpg\"><img loading=\"lazy\" decoding=\"async\" class=\"aligncenter size-full wp-image-6938\" src=\"https:\/\/www.hispanorama-tours.com\/wp-content\/uploads\/2016\/04\/Ruinas-del-puente-viejo-duero-bres.jpg\" alt=\"\u00a8\u00db\uf8ff\" width=\"640\" height=\"423\" srcset=\"https:\/\/www.hispanorama-tours.com\/wp-content\/uploads\/2016\/04\/Ruinas-del-puente-viejo-duero-bres.jpg 640w, https:\/\/www.hispanorama-tours.com\/wp-content\/uploads\/2016\/04\/Ruinas-del-puente-viejo-duero-bres-300x198.jpg 300w, https:\/\/www.hispanorama-tours.com\/wp-content\/uploads\/2016\/04\/Ruinas-del-puente-viejo-duero-bres-195x130.jpg 195w\" sizes=\"(max-width: 640px) 100vw, 640px\" \/><\/a><\/p>\n<p><strong>AQVA auf der Reise<\/strong><\/p>\n<p>Die <em>Zeitalter des Menschen<\/em> \u2013 Ausstellung findet das ganze Jahr 2016 \u00fcber an zwei kulturtechnisch wichtigen Orten in Toro statt: in der Stiftskirche Santa Maria la Mayor und in der Kirche Santo Sepulcro.<\/p>\n<p>Fragen Sie uns nach mehr Informationen zu diesem kulturellen Event f\u00fcr Ihre Gruppenreisen nach Kastilien-und Le\u00f3n!<\/p>\n<p><a href=\"https:\/\/www.hispanorama-tours.com\/wp-content\/uploads\/2016\/04\/Aqva-cartel.jpg\"><img loading=\"lazy\" decoding=\"async\" class=\"aligncenter size-full wp-image-6925\" src=\"https:\/\/www.hispanorama-tours.com\/wp-content\/uploads\/2016\/04\/Aqva-cartel.jpg\" alt=\"Aqva-cartel\" width=\"451\" height=\"900\" srcset=\"https:\/\/www.hispanorama-tours.com\/wp-content\/uploads\/2016\/04\/Aqva-cartel.jpg 451w, https:\/\/www.hispanorama-tours.com\/wp-content\/uploads\/2016\/04\/Aqva-cartel-150x300.jpg 150w\" sizes=\"(max-width: 451px) 100vw, 451px\" \/><\/a><\/p>\n<p>Fotos von <a href=\"http:\/\/www.turismocastillayleon.com\" target=\"_blank\" rel=\"noopener\">Turismo Castilla y Le\u00f3n<\/a><\/p>\n","protected":false},"excerpt":{"rendered":"<p>Die religi\u00f6se Stiftung Zeitalter des Menschen (Las Edades del Hombre)\u00a0 wurde geschaffen, um die sakrale Kunst der zentralspanischen Region Kastilien und Le\u00f3n zu f\u00f6rdern. Seit ihrer Gr\u00fcndung im Jahr 1988, hat die Stiftung verschiedene wichtige Ausstellungen organisiert, in denen die religi\u00f6se Kunst und Geschichte Kastiliens aufgezeigt wird. Die diesj\u00e4hrige Ausstellung ist ein Muss f\u00fcr Ihre [&hellip;]<\/p>\n","protected":false},"author":1,"featured_media":11955,"comment_status":"open","ping_status":"open","sticky":false,"template":"","format":"standard","meta":{"_et_pb_use_builder":"","_et_pb_old_content":"","_et_gb_content_width":"","inline_featured_image":false,"footnotes":""},"categories":[822],"tags":[4715,1507,4386,4736,1437,1167,4733,4758,4759,4760,826,927,1438,1439,1440],"class_list":["post-11953","post","type-post","status-publish","format-standard","has-post-thumbnail","hentry","category-kastilien-und-leon","tag-destination-management-company-in-spanien-de_ch","tag-dmc-de_ch","tag-dmc-fuer-spanien","tag-dmc-spanien-incentives-de_ch","tag-edades-del-hombre-de_ch","tag-gruppenreise-nach-spanien-de_ch","tag-gruppenreisen-in-spanien-de_ch","tag-incentive-reisen-und-events-de_ch","tag-incentivereisen-in-spanien-de_ch","tag-incentives-in-spanien-de_ch","tag-kastilien-und-leon-de_ch","tag-spanien-de_ch","tag-toro-de_ch","tag-zamora-de_ch","tag-zeitalter-des-menschen-de_ch"],"yoast_head":"<!-- This site is optimized with the Yoast SEO plugin v26.9 - https:\/\/yoast.com\/product\/yoast-seo-wordpress\/ -->\n<title>Zeitalter des Menschen in Kastilien und Le\u00f3n - DMC Spanien<\/title>\n<meta name=\"robots\" content=\"index, follow, max-snippet:-1, max-image-preview:large, max-video-preview:-1\" \/>\n<link rel=\"canonical\" href=\"https:\/\/www.hispanorama-tours.com\/de_ch\/dmc-fuer-spanien-blog\/kastilien-und-leon\/zeitalter-des-menschen-in-kastilien-und-leon\/\" \/>\n<meta property=\"og:locale\" content=\"de_DE\" \/>\n<meta property=\"og:type\" content=\"article\" \/>\n<meta property=\"og:title\" content=\"Zeitalter des Menschen in Kastilien und Le\u00f3n - DMC Spanien\" \/>\n<meta property=\"og:description\" content=\"Die religi\u00f6se Stiftung Zeitalter des Menschen (Las Edades del Hombre)\u00a0 wurde geschaffen, um die sakrale Kunst der zentralspanischen Region Kastilien und Le\u00f3n zu f\u00f6rdern. Seit ihrer Gr\u00fcndung im Jahr 1988, hat die Stiftung verschiedene wichtige Ausstellungen organisiert, in denen die religi\u00f6se Kunst und Geschichte Kastiliens aufgezeigt wird. Die diesj\u00e4hrige Ausstellung ist ein Muss f\u00fcr Ihre [&hellip;]\" \/>\n<meta property=\"og:url\" content=\"https:\/\/www.hispanorama-tours.com\/de_ch\/dmc-fuer-spanien-blog\/kastilien-und-leon\/zeitalter-des-menschen-in-kastilien-und-leon\/\" \/>\n<meta property=\"og:site_name\" content=\"DMC Spanien\" \/>\n<meta property=\"article:publisher\" content=\"https:\/\/www.facebook.com\/HispanoramaTours\/\" \/>\n<meta property=\"article:published_time\" content=\"2016-04-20T07:39:16+00:00\" \/>\n<meta property=\"article:modified_time\" content=\"2019-01-15T11:51:31+00:00\" \/>\n<meta property=\"og:image\" content=\"https:\/\/www.hispanorama-tours.com\/wp-content\/uploads\/2016\/04\/Colegiata-de-Toro-2-bres.jpg\" \/>\n\t<meta property=\"og:image:width\" content=\"640\" \/>\n\t<meta property=\"og:image:height\" content=\"650\" \/>\n\t<meta property=\"og:image:type\" content=\"image\/jpeg\" \/>\n<meta name=\"author\" content=\"Katharina Giesler\" \/>\n<meta name=\"twitter:card\" content=\"summary_large_image\" \/>\n<meta name=\"twitter:creator\" content=\"@HispanoramaMAD\" \/>\n<meta name=\"twitter:site\" content=\"@HispanoramaMAD\" \/>\n<meta name=\"twitter:label1\" content=\"Geschrieben von\" \/>\n\t<meta name=\"twitter:data1\" content=\"Katharina Giesler\" \/>\n\t<meta name=\"twitter:label2\" content=\"Gesch\u00e4tzte Lesezeit\" \/>\n\t<meta name=\"twitter:data2\" content=\"2\u00a0Minuten\" \/>\n<script type=\"application\/ld+json\" class=\"yoast-schema-graph\">{\"@context\":\"https:\/\/schema.org\",\"@graph\":[{\"@type\":\"Article\",\"@id\":\"https:\/\/www.hispanorama-tours.com\/de_ch\/dmc-fuer-spanien-blog\/kastilien-und-leon\/zeitalter-des-menschen-in-kastilien-und-leon\/#article\",\"isPartOf\":{\"@id\":\"https:\/\/www.hispanorama-tours.com\/de_ch\/dmc-fuer-spanien-blog\/kastilien-und-leon\/zeitalter-des-menschen-in-kastilien-und-leon\/\"},\"author\":{\"name\":\"Katharina Giesler\",\"@id\":\"https:\/\/www.hispanorama-tours.com\/de_ch\/#\/schema\/person\/c57da6219d5c7903e17593ea214d1766\"},\"headline\":\"Zeitalter des Menschen in Kastilien und Le\u00f3n\",\"datePublished\":\"2016-04-20T07:39:16+00:00\",\"dateModified\":\"2019-01-15T11:51:31+00:00\",\"mainEntityOfPage\":{\"@id\":\"https:\/\/www.hispanorama-tours.com\/de_ch\/dmc-fuer-spanien-blog\/kastilien-und-leon\/zeitalter-des-menschen-in-kastilien-und-leon\/\"},\"wordCount\":439,\"commentCount\":0,\"publisher\":{\"@id\":\"https:\/\/www.hispanorama-tours.com\/de_ch\/#organization\"},\"image\":{\"@id\":\"https:\/\/www.hispanorama-tours.com\/de_ch\/dmc-fuer-spanien-blog\/kastilien-und-leon\/zeitalter-des-menschen-in-kastilien-und-leon\/#primaryimage\"},\"thumbnailUrl\":\"https:\/\/www.hispanorama-tours.com\/wp-content\/uploads\/2016\/04\/Colegiata-de-Toro-2-bres.jpg\",\"keywords\":[\"Destination Management Company in Spanien\",\"DMC\",\"DMC f\u00fcr Spanien\",\"dmc spanien incentives\",\"Edades del hombre\",\"Gruppenreise nach Spanien\",\"Gruppenreisen in Spanien\",\"incentive reisen und events\",\"Incentivereisen in Spanien\",\"Incentives in Spanien\",\"Kastilien und Leon\",\"Spanien\",\"Toro\",\"Zamora\",\"Zeitalter des Menschen\"],\"articleSection\":[\"Kastilien und Leon\"],\"inLanguage\":\"de-CH\",\"potentialAction\":[{\"@type\":\"CommentAction\",\"name\":\"Comment\",\"target\":[\"https:\/\/www.hispanorama-tours.com\/de_ch\/dmc-fuer-spanien-blog\/kastilien-und-leon\/zeitalter-des-menschen-in-kastilien-und-leon\/#respond\"]}]},{\"@type\":\"WebPage\",\"@id\":\"https:\/\/www.hispanorama-tours.com\/de_ch\/dmc-fuer-spanien-blog\/kastilien-und-leon\/zeitalter-des-menschen-in-kastilien-und-leon\/\",\"url\":\"https:\/\/www.hispanorama-tours.com\/de_ch\/dmc-fuer-spanien-blog\/kastilien-und-leon\/zeitalter-des-menschen-in-kastilien-und-leon\/\",\"name\":\"Zeitalter des Menschen in Kastilien und Le\u00f3n - DMC Spanien\",\"isPartOf\":{\"@id\":\"https:\/\/www.hispanorama-tours.com\/de_ch\/#website\"},\"primaryImageOfPage\":{\"@id\":\"https:\/\/www.hispanorama-tours.com\/de_ch\/dmc-fuer-spanien-blog\/kastilien-und-leon\/zeitalter-des-menschen-in-kastilien-und-leon\/#primaryimage\"},\"image\":{\"@id\":\"https:\/\/www.hispanorama-tours.com\/de_ch\/dmc-fuer-spanien-blog\/kastilien-und-leon\/zeitalter-des-menschen-in-kastilien-und-leon\/#primaryimage\"},\"thumbnailUrl\":\"https:\/\/www.hispanorama-tours.com\/wp-content\/uploads\/2016\/04\/Colegiata-de-Toro-2-bres.jpg\",\"datePublished\":\"2016-04-20T07:39:16+00:00\",\"dateModified\":\"2019-01-15T11:51:31+00:00\",\"breadcrumb\":{\"@id\":\"https:\/\/www.hispanorama-tours.com\/de_ch\/dmc-fuer-spanien-blog\/kastilien-und-leon\/zeitalter-des-menschen-in-kastilien-und-leon\/#breadcrumb\"},\"inLanguage\":\"de-CH\",\"potentialAction\":[{\"@type\":\"ReadAction\",\"target\":[\"https:\/\/www.hispanorama-tours.com\/de_ch\/dmc-fuer-spanien-blog\/kastilien-und-leon\/zeitalter-des-menschen-in-kastilien-und-leon\/\"]}]},{\"@type\":\"ImageObject\",\"inLanguage\":\"de-CH\",\"@id\":\"https:\/\/www.hispanorama-tours.com\/de_ch\/dmc-fuer-spanien-blog\/kastilien-und-leon\/zeitalter-des-menschen-in-kastilien-und-leon\/#primaryimage\",\"url\":\"https:\/\/www.hispanorama-tours.com\/wp-content\/uploads\/2016\/04\/Colegiata-de-Toro-2-bres.jpg\",\"contentUrl\":\"https:\/\/www.hispanorama-tours.com\/wp-content\/uploads\/2016\/04\/Colegiata-de-Toro-2-bres.jpg\",\"width\":640,\"height\":650},{\"@type\":\"BreadcrumbList\",\"@id\":\"https:\/\/www.hispanorama-tours.com\/de_ch\/dmc-fuer-spanien-blog\/kastilien-und-leon\/zeitalter-des-menschen-in-kastilien-und-leon\/#breadcrumb\",\"itemListElement\":[{\"@type\":\"ListItem\",\"position\":1,\"name\":\"Home\",\"item\":\"https:\/\/www.hispanorama-tours.com\/de_ch\/\"},{\"@type\":\"ListItem\",\"position\":2,\"name\":\"Zeitalter des Menschen in Kastilien und Le\u00f3n\"}]},{\"@type\":\"WebSite\",\"@id\":\"https:\/\/www.hispanorama-tours.com\/de_ch\/#website\",\"url\":\"https:\/\/www.hispanorama-tours.com\/de_ch\/\",\"name\":\"DMC Spanien\",\"description\":\"Destination Management Company (DMC) in Spanien\",\"publisher\":{\"@id\":\"https:\/\/www.hispanorama-tours.com\/de_ch\/#organization\"},\"potentialAction\":[{\"@type\":\"SearchAction\",\"target\":{\"@type\":\"EntryPoint\",\"urlTemplate\":\"https:\/\/www.hispanorama-tours.com\/de_ch\/?s={search_term_string}\"},\"query-input\":{\"@type\":\"PropertyValueSpecification\",\"valueRequired\":true,\"valueName\":\"search_term_string\"}}],\"inLanguage\":\"de-CH\"},{\"@type\":\"Organization\",\"@id\":\"https:\/\/www.hispanorama-tours.com\/de_ch\/#organization\",\"name\":\"DMC for Spain Hispanorama tours & incentives\",\"url\":\"https:\/\/www.hispanorama-tours.com\/de_ch\/\",\"logo\":{\"@type\":\"ImageObject\",\"inLanguage\":\"de-CH\",\"@id\":\"https:\/\/www.hispanorama-tours.com\/de_ch\/#\/schema\/logo\/image\/\",\"url\":\"https:\/\/www.hispanorama-tours.com\/wp-content\/uploads\/2018\/06\/logo_hispanorama_tours_and_incentives3-1.png\",\"contentUrl\":\"https:\/\/www.hispanorama-tours.com\/wp-content\/uploads\/2018\/06\/logo_hispanorama_tours_and_incentives3-1.png\",\"width\":185,\"height\":120,\"caption\":\"DMC for Spain Hispanorama tours & incentives\"},\"image\":{\"@id\":\"https:\/\/www.hispanorama-tours.com\/de_ch\/#\/schema\/logo\/image\/\"},\"sameAs\":[\"https:\/\/www.facebook.com\/HispanoramaTours\/\",\"https:\/\/x.com\/HispanoramaMAD\",\"https:\/\/www.linkedin.com\/company\/hispanorama-tours-&amp;-incentives\/\"]},{\"@type\":\"Person\",\"@id\":\"https:\/\/www.hispanorama-tours.com\/de_ch\/#\/schema\/person\/c57da6219d5c7903e17593ea214d1766\",\"name\":\"Katharina Giesler\"}]}<\/script>\n<!-- \/ Yoast SEO plugin. -->","yoast_head_json":{"title":"Zeitalter des Menschen in Kastilien und Le\u00f3n - DMC Spanien","robots":{"index":"index","follow":"follow","max-snippet":"max-snippet:-1","max-image-preview":"max-image-preview:large","max-video-preview":"max-video-preview:-1"},"canonical":"https:\/\/www.hispanorama-tours.com\/de_ch\/dmc-fuer-spanien-blog\/kastilien-und-leon\/zeitalter-des-menschen-in-kastilien-und-leon\/","og_locale":"de_DE","og_type":"article","og_title":"Zeitalter des Menschen in Kastilien und Le\u00f3n - DMC Spanien","og_description":"Die religi\u00f6se Stiftung Zeitalter des Menschen (Las Edades del Hombre)\u00a0 wurde geschaffen, um die sakrale Kunst der zentralspanischen Region Kastilien und Le\u00f3n zu f\u00f6rdern. Seit ihrer Gr\u00fcndung im Jahr 1988, hat die Stiftung verschiedene wichtige Ausstellungen organisiert, in denen die religi\u00f6se Kunst und Geschichte Kastiliens aufgezeigt wird. Die diesj\u00e4hrige Ausstellung ist ein Muss f\u00fcr Ihre [&hellip;]","og_url":"https:\/\/www.hispanorama-tours.com\/de_ch\/dmc-fuer-spanien-blog\/kastilien-und-leon\/zeitalter-des-menschen-in-kastilien-und-leon\/","og_site_name":"DMC Spanien","article_publisher":"https:\/\/www.facebook.com\/HispanoramaTours\/","article_published_time":"2016-04-20T07:39:16+00:00","article_modified_time":"2019-01-15T11:51:31+00:00","og_image":[{"width":640,"height":650,"url":"https:\/\/www.hispanorama-tours.com\/wp-content\/uploads\/2016\/04\/Colegiata-de-Toro-2-bres.jpg","type":"image\/jpeg"}],"author":"Katharina Giesler","twitter_card":"summary_large_image","twitter_creator":"@HispanoramaMAD","twitter_site":"@HispanoramaMAD","twitter_misc":{"Geschrieben von":"Katharina Giesler","Gesch\u00e4tzte Lesezeit":"2\u00a0Minuten"},"schema":{"@context":"https:\/\/schema.org","@graph":[{"@type":"Article","@id":"https:\/\/www.hispanorama-tours.com\/de_ch\/dmc-fuer-spanien-blog\/kastilien-und-leon\/zeitalter-des-menschen-in-kastilien-und-leon\/#article","isPartOf":{"@id":"https:\/\/www.hispanorama-tours.com\/de_ch\/dmc-fuer-spanien-blog\/kastilien-und-leon\/zeitalter-des-menschen-in-kastilien-und-leon\/"},"author":{"name":"Katharina Giesler","@id":"https:\/\/www.hispanorama-tours.com\/de_ch\/#\/schema\/person\/c57da6219d5c7903e17593ea214d1766"},"headline":"Zeitalter des Menschen in Kastilien und Le\u00f3n","datePublished":"2016-04-20T07:39:16+00:00","dateModified":"2019-01-15T11:51:31+00:00","mainEntityOfPage":{"@id":"https:\/\/www.hispanorama-tours.com\/de_ch\/dmc-fuer-spanien-blog\/kastilien-und-leon\/zeitalter-des-menschen-in-kastilien-und-leon\/"},"wordCount":439,"commentCount":0,"publisher":{"@id":"https:\/\/www.hispanorama-tours.com\/de_ch\/#organization"},"image":{"@id":"https:\/\/www.hispanorama-tours.com\/de_ch\/dmc-fuer-spanien-blog\/kastilien-und-leon\/zeitalter-des-menschen-in-kastilien-und-leon\/#primaryimage"},"thumbnailUrl":"https:\/\/www.hispanorama-tours.com\/wp-content\/uploads\/2016\/04\/Colegiata-de-Toro-2-bres.jpg","keywords":["Destination Management Company in Spanien","DMC","DMC f\u00fcr Spanien","dmc spanien incentives","Edades del hombre","Gruppenreise nach Spanien","Gruppenreisen in Spanien","incentive reisen und events","Incentivereisen in Spanien","Incentives in Spanien","Kastilien und Leon","Spanien","Toro","Zamora","Zeitalter des Menschen"],"articleSection":["Kastilien und Leon"],"inLanguage":"de-CH","potentialAction":[{"@type":"CommentAction","name":"Comment","target":["https:\/\/www.hispanorama-tours.com\/de_ch\/dmc-fuer-spanien-blog\/kastilien-und-leon\/zeitalter-des-menschen-in-kastilien-und-leon\/#respond"]}]},{"@type":"WebPage","@id":"https:\/\/www.hispanorama-tours.com\/de_ch\/dmc-fuer-spanien-blog\/kastilien-und-leon\/zeitalter-des-menschen-in-kastilien-und-leon\/","url":"https:\/\/www.hispanorama-tours.com\/de_ch\/dmc-fuer-spanien-blog\/kastilien-und-leon\/zeitalter-des-menschen-in-kastilien-und-leon\/","name":"Zeitalter des Menschen in Kastilien und Le\u00f3n - DMC Spanien","isPartOf":{"@id":"https:\/\/www.hispanorama-tours.com\/de_ch\/#website"},"primaryImageOfPage":{"@id":"https:\/\/www.hispanorama-tours.com\/de_ch\/dmc-fuer-spanien-blog\/kastilien-und-leon\/zeitalter-des-menschen-in-kastilien-und-leon\/#primaryimage"},"image":{"@id":"https:\/\/www.hispanorama-tours.com\/de_ch\/dmc-fuer-spanien-blog\/kastilien-und-leon\/zeitalter-des-menschen-in-kastilien-und-leon\/#primaryimage"},"thumbnailUrl":"https:\/\/www.hispanorama-tours.com\/wp-content\/uploads\/2016\/04\/Colegiata-de-Toro-2-bres.jpg","datePublished":"2016-04-20T07:39:16+00:00","dateModified":"2019-01-15T11:51:31+00:00","breadcrumb":{"@id":"https:\/\/www.hispanorama-tours.com\/de_ch\/dmc-fuer-spanien-blog\/kastilien-und-leon\/zeitalter-des-menschen-in-kastilien-und-leon\/#breadcrumb"},"inLanguage":"de-CH","potentialAction":[{"@type":"ReadAction","target":["https:\/\/www.hispanorama-tours.com\/de_ch\/dmc-fuer-spanien-blog\/kastilien-und-leon\/zeitalter-des-menschen-in-kastilien-und-leon\/"]}]},{"@type":"ImageObject","inLanguage":"de-CH","@id":"https:\/\/www.hispanorama-tours.com\/de_ch\/dmc-fuer-spanien-blog\/kastilien-und-leon\/zeitalter-des-menschen-in-kastilien-und-leon\/#primaryimage","url":"https:\/\/www.hispanorama-tours.com\/wp-content\/uploads\/2016\/04\/Colegiata-de-Toro-2-bres.jpg","contentUrl":"https:\/\/www.hispanorama-tours.com\/wp-content\/uploads\/2016\/04\/Colegiata-de-Toro-2-bres.jpg","width":640,"height":650},{"@type":"BreadcrumbList","@id":"https:\/\/www.hispanorama-tours.com\/de_ch\/dmc-fuer-spanien-blog\/kastilien-und-leon\/zeitalter-des-menschen-in-kastilien-und-leon\/#breadcrumb","itemListElement":[{"@type":"ListItem","position":1,"name":"Home","item":"https:\/\/www.hispanorama-tours.com\/de_ch\/"},{"@type":"ListItem","position":2,"name":"Zeitalter des Menschen in Kastilien und Le\u00f3n"}]},{"@type":"WebSite","@id":"https:\/\/www.hispanorama-tours.com\/de_ch\/#website","url":"https:\/\/www.hispanorama-tours.com\/de_ch\/","name":"DMC Spanien","description":"Destination Management Company (DMC) in Spanien","publisher":{"@id":"https:\/\/www.hispanorama-tours.com\/de_ch\/#organization"},"potentialAction":[{"@type":"SearchAction","target":{"@type":"EntryPoint","urlTemplate":"https:\/\/www.hispanorama-tours.com\/de_ch\/?s={search_term_string}"},"query-input":{"@type":"PropertyValueSpecification","valueRequired":true,"valueName":"search_term_string"}}],"inLanguage":"de-CH"},{"@type":"Organization","@id":"https:\/\/www.hispanorama-tours.com\/de_ch\/#organization","name":"DMC for Spain Hispanorama tours & incentives","url":"https:\/\/www.hispanorama-tours.com\/de_ch\/","logo":{"@type":"ImageObject","inLanguage":"de-CH","@id":"https:\/\/www.hispanorama-tours.com\/de_ch\/#\/schema\/logo\/image\/","url":"https:\/\/www.hispanorama-tours.com\/wp-content\/uploads\/2018\/06\/logo_hispanorama_tours_and_incentives3-1.png","contentUrl":"https:\/\/www.hispanorama-tours.com\/wp-content\/uploads\/2018\/06\/logo_hispanorama_tours_and_incentives3-1.png","width":185,"height":120,"caption":"DMC for Spain Hispanorama tours & incentives"},"image":{"@id":"https:\/\/www.hispanorama-tours.com\/de_ch\/#\/schema\/logo\/image\/"},"sameAs":["https:\/\/www.facebook.com\/HispanoramaTours\/","https:\/\/x.com\/HispanoramaMAD","https:\/\/www.linkedin.com\/company\/hispanorama-tours-&amp;-incentives\/"]},{"@type":"Person","@id":"https:\/\/www.hispanorama-tours.com\/de_ch\/#\/schema\/person\/c57da6219d5c7903e17593ea214d1766","name":"Katharina Giesler"}]}},"_links":{"self":[{"href":"https:\/\/www.hispanorama-tours.com\/de_ch\/wp-json\/wp\/v2\/posts\/11953","targetHints":{"allow":["GET"]}}],"collection":[{"href":"https:\/\/www.hispanorama-tours.com\/de_ch\/wp-json\/wp\/v2\/posts"}],"about":[{"href":"https:\/\/www.hispanorama-tours.com\/de_ch\/wp-json\/wp\/v2\/types\/post"}],"author":[{"embeddable":true,"href":"https:\/\/www.hispanorama-tours.com\/de_ch\/wp-json\/wp\/v2\/users\/1"}],"replies":[{"embeddable":true,"href":"https:\/\/www.hispanorama-tours.com\/de_ch\/wp-json\/wp\/v2\/comments?post=11953"}],"version-history":[{"count":0,"href":"https:\/\/www.hispanorama-tours.com\/de_ch\/wp-json\/wp\/v2\/posts\/11953\/revisions"}],"wp:featuredmedia":[{"embeddable":true,"href":"https:\/\/www.hispanorama-tours.com\/de_ch\/wp-json\/wp\/v2\/media\/11955"}],"wp:attachment":[{"href":"https:\/\/www.hispanorama-tours.com\/de_ch\/wp-json\/wp\/v2\/media?parent=11953"}],"wp:term":[{"taxonomy":"category","embeddable":true,"href":"https:\/\/www.hispanorama-tours.com\/de_ch\/wp-json\/wp\/v2\/categories?post=11953"},{"taxonomy":"post_tag","embeddable":true,"href":"https:\/\/www.hispanorama-tours.com\/de_ch\/wp-json\/wp\/v2\/tags?post=11953"}],"curies":[{"name":"wp","href":"https:\/\/api.w.org\/{rel}","templated":true}]}}