
{"id":11783,"date":"2016-11-09T11:15:32","date_gmt":"2016-11-09T10:15:32","guid":{"rendered":"http:\/\/www.hispanorama-tours.com\/uncategorized-de_ch\/die-feria-de-abril-suedspaniens-wildeste-party\/"},"modified":"2019-01-25T13:33:35","modified_gmt":"2019-01-25T12:33:35","slug":"die-feria-de-abril-suedspaniens-wildeste-party","status":"publish","type":"post","link":"https:\/\/www.hispanorama-tours.com\/de_ch\/dmc-fuer-spanien-blog\/andalusien\/die-feria-de-abril-suedspaniens-wildeste-party\/","title":{"rendered":"Die Feria de Abril: S\u00fcdspaniens wildeste Party"},"content":{"rendered":"<p><strong>Die Feria de Abril: S\u00fcdspaniens wildeste Party<\/strong><\/p>\n<p>Man sagt dass man weiss dass der Fr\u00fchling in S\u00fcdspanien Einzug gehalten hat, wenn Sevillas Feria de Abril (April-Jahrmarkt) anf\u00e4ngt. Diese lebendige, traditionelle und hoch farbenfrohe spanische Fiesta zieht j\u00e4hrlich Besucher von nah und fern zum Essen, Trinken, Tanzen und Frohsein an.<\/p>\n<p>Wenn Sie in Sevilla sind werden Sie die gigantische Festwiese, die \u201eReal de la Feria\u201c, einen grossen Platz gegen\u00fcber des Maria Luisa Parks zwischen den Stadtvierteln Los Remedios und Tablada nicht \u00fcbersehen.<\/p>\n<p><a href=\"https:\/\/www.hispanorama-tours.com\/wp-content\/uploads\/2016\/11\/Feria-de-Abril_2.jpg\"><img loading=\"lazy\" decoding=\"async\" class=\"aligncenter size-full wp-image-7363\" src=\"https:\/\/www.hispanorama-tours.com\/wp-content\/uploads\/2016\/11\/Feria-de-Abril_2.jpg\" alt=\"Archivo fotogr\u00e1fico de Turismo Andaluz\" width=\"640\" height=\"427\" srcset=\"https:\/\/www.hispanorama-tours.com\/wp-content\/uploads\/2016\/11\/Feria-de-Abril_2.jpg 640w, https:\/\/www.hispanorama-tours.com\/wp-content\/uploads\/2016\/11\/Feria-de-Abril_2-300x200.jpg 300w, https:\/\/www.hispanorama-tours.com\/wp-content\/uploads\/2016\/11\/Feria-de-Abril_2-195x130.jpg 195w\" sizes=\"(max-width: 640px) 100vw, 640px\" \/><\/a><\/p>\n<p><strong>Mittern\u00e4chtlicher Andrang<\/strong><\/p>\n<p>Nachtschw\u00e4rmer werden auf jeden Fall auf der Feria de Abril in ihrem Element sein, welches am Montag zwei Wochen nach Ostern um Mitternacht startet. Bekannt unter \u201eLa Noche del Pescaito\u201c (Fischnacht) beginnt der erste Abend der Festlichkeiten mit einem Fischessen.<\/p>\n<p>Sobald dieses verzehrt ist, begibt man sich zu La Portada, einem spektakul\u00e4ren Bau am Anfang der Feria. Dort schaltet der B\u00fcrgermeister von Sevilla tausende von Lichtern ein wenn die Uhr 12 schl\u00e4gt, der Sherry fliesst und sich jedermann zur n\u00e4chsten \u201e<em>caseta<\/em>\u201c begibt, um sich zu vergn\u00fcgen.<\/p>\n<p><strong>Cas\u2026 &#8211; was bitte?<\/strong><\/p>\n<p>Das Herz der Feria de Abril stellen zahlreiche <em>casetas<\/em> dar \u2013 \u00fcber tausend Zelte die den Festplatz in eine Pop-up Stadt verwandeln. Die Zelt-Tradition stammt aus dem Jahre 1840 als die Feria eine bescheidene Viehmesse war. Es wurden ein paar Zelte aufgestellt um den W\u00fcrdentr\u00e4gern das Kontakte pflegen zu erleichtern&#8230; und der Rest ist Geschichte!<\/p>\n<p>Heutzutage s\u00e4umen mehr als 1000 <em>casetas<\/em> das Gel\u00e4nde, die alle vom fr\u00fchen Nachmittag bis in die fr\u00fchen Morgenstunden Tapas, Getr\u00e4nke und Live Musik bieten. Spontane Flamenco-Einlagen und improvisierter Gesang dauern oft bis dass die Lerchen singen an und die letzten Tropfen ausgetrunken sind.<\/p>\n<p>Jede <em>caseta<\/em> ist in Privatbesitz und der Eintritt wird nur durch Einladung gew\u00e4hrt \u2013 deshalb ist es gut einen einheimischen Freund mit guten Beziehungen zu haben!<\/p>\n<p><a href=\"https:\/\/www.hispanorama-tours.com\/wp-content\/uploads\/2016\/11\/Feria-de-Abril_1.jpg\"><img loading=\"lazy\" decoding=\"async\" class=\"aligncenter size-full wp-image-7362\" src=\"https:\/\/www.hispanorama-tours.com\/wp-content\/uploads\/2016\/11\/Feria-de-Abril_1.jpg\" alt=\"Archivo fotogr\u00e1fico de Turismo Andaluz\" width=\"640\" height=\"427\" srcset=\"https:\/\/www.hispanorama-tours.com\/wp-content\/uploads\/2016\/11\/Feria-de-Abril_1.jpg 640w, https:\/\/www.hispanorama-tours.com\/wp-content\/uploads\/2016\/11\/Feria-de-Abril_1-300x200.jpg 300w, https:\/\/www.hispanorama-tours.com\/wp-content\/uploads\/2016\/11\/Feria-de-Abril_1-195x130.jpg 195w\" sizes=\"(max-width: 640px) 100vw, 640px\" \/><\/a><\/p>\n<p><a href=\"https:\/\/www.hispanorama-tours.com\/wp-content\/uploads\/2016\/11\/Feria-de-Abril_3.jpg\"><img loading=\"lazy\" decoding=\"async\" class=\"aligncenter size-full wp-image-7364\" src=\"https:\/\/www.hispanorama-tours.com\/wp-content\/uploads\/2016\/11\/Feria-de-Abril_3.jpg\" alt=\"Archivo fotogr\u00e1fico de Turismo Andaluz\" width=\"640\" height=\"427\" srcset=\"https:\/\/www.hispanorama-tours.com\/wp-content\/uploads\/2016\/11\/Feria-de-Abril_3.jpg 640w, https:\/\/www.hispanorama-tours.com\/wp-content\/uploads\/2016\/11\/Feria-de-Abril_3-300x200.jpg 300w, https:\/\/www.hispanorama-tours.com\/wp-content\/uploads\/2016\/11\/Feria-de-Abril_3-195x130.jpg 195w\" sizes=\"(max-width: 640px) 100vw, 640px\" \/><\/a><\/p>\n<p><strong>F\u00fchlen Sie den Flamenco<\/strong><\/p>\n<p>Der erste offizielle Tag der Feria ist der Dienstag. Die Einheimischen und die Besucher str\u00f6men zu der Real de la Feria und zum enormen Festplatz daneben. Neben den Karrusellfahrten und den schrillen Zirkusvorf\u00fchrungen gibt es Pferde-Paraden wo die sevillanischen Frauen in ihrer ganzen Flamenco-Pracht erscheinen und ihre Fans bet\u00f6ren und die M\u00e4nner sich traditionelle Anz\u00fcge anziehen, die unter \u201eel traje corto\u201c bekannt sind.<\/p>\n<p>Die Woche schreitet im gleichen Rythmus voran, mit einem fantastischen Pferde-Ritt dem \u201ePaseo de Caballos\u201c, welcher die traditionell gekleidetetn Sevillanos und Sevillanas zur Real Maestranza, der Stierkampfarena bringt. Es finden t\u00e4glich Stierk\u00e4mpfe in der alten Plaza de Toros statt, gefolgt von weiteren Festlichkeiten, Glanz und feinem Sherry!<\/p>\n<p><a href=\"https:\/\/www.hispanorama-tours.com\/wp-content\/uploads\/2016\/11\/Feria-de-Abril_4.jpg\"><img loading=\"lazy\" decoding=\"async\" class=\"aligncenter size-full wp-image-7365\" src=\"https:\/\/www.hispanorama-tours.com\/wp-content\/uploads\/2016\/11\/Feria-de-Abril_4.jpg\" alt=\"Archivo fotogr\u00e1fico de Turismo Andaluz\" width=\"640\" height=\"427\" srcset=\"https:\/\/www.hispanorama-tours.com\/wp-content\/uploads\/2016\/11\/Feria-de-Abril_4.jpg 640w, https:\/\/www.hispanorama-tours.com\/wp-content\/uploads\/2016\/11\/Feria-de-Abril_4-300x200.jpg 300w, https:\/\/www.hispanorama-tours.com\/wp-content\/uploads\/2016\/11\/Feria-de-Abril_4-195x130.jpg 195w\" sizes=\"(max-width: 640px) 100vw, 640px\" \/><\/a><\/p>\n<p><a href=\"https:\/\/www.hispanorama-tours.com\/wp-content\/uploads\/2016\/11\/Feria-de-Abril_5.jpg\"><img loading=\"lazy\" decoding=\"async\" class=\"aligncenter size-full wp-image-7366\" src=\"https:\/\/www.hispanorama-tours.com\/wp-content\/uploads\/2016\/11\/Feria-de-Abril_5.jpg\" alt=\"Archivo fotogr\u00e1fico de Turismo Andaluz\" width=\"640\" height=\"427\" srcset=\"https:\/\/www.hispanorama-tours.com\/wp-content\/uploads\/2016\/11\/Feria-de-Abril_5.jpg 640w, https:\/\/www.hispanorama-tours.com\/wp-content\/uploads\/2016\/11\/Feria-de-Abril_5-300x200.jpg 300w, https:\/\/www.hispanorama-tours.com\/wp-content\/uploads\/2016\/11\/Feria-de-Abril_5-195x130.jpg 195w\" sizes=\"(max-width: 640px) 100vw, 640px\" \/><\/a><\/p>\n<p><strong>Buchen Sie fr\u00fch!<\/strong><\/p>\n<p>Die <em>Feria de Abril <\/em>findet in 2017 vom 2.-7. Mai statt, da Ostern n\u00e4chstes Jahr sp\u00e4t f\u00e4llt. Doch der fr\u00fche Vogel bekommt die besten Preise. Buchen Sie Ihre Gruppen fr\u00fchzeitig bei uns, damit sie S\u00fcdspaniens spektakul\u00e4rstes Fest im Fr\u00fchling kennenlernen!<\/p>\n<p><strong>\u00a0<\/strong><em>Fotos von <a href=\"http:\/\/www.turismoandaluz.com\" target=\"_blank\">Turismo Andaluz<\/a><\/em><\/p>\n","protected":false},"excerpt":{"rendered":"<p>Die Feria de Abril: S\u00fcdspaniens wildeste Party Man sagt dass man weiss dass der Fr\u00fchling in S\u00fcdspanien Einzug gehalten hat, wenn Sevillas Feria de Abril (April-Jahrmarkt) anf\u00e4ngt. Diese lebendige, traditionelle und hoch farbenfrohe spanische Fiesta zieht j\u00e4hrlich Besucher von nah und fern zum Essen, Trinken, Tanzen und Frohsein an. Wenn Sie in Sevilla sind werden [&hellip;]<\/p>\n","protected":false},"author":1,"featured_media":11785,"comment_status":"open","ping_status":"open","sticky":false,"template":"","format":"standard","meta":{"_et_pb_use_builder":"","_et_pb_old_content":"","_et_gb_content_width":"","inline_featured_image":false,"footnotes":""},"categories":[810],"tags":[811,4715,1507,4386,4736,1173,1061,1082,1167,4733,4758,4759,4760,1510,927,831],"class_list":["post-11783","post","type-post","status-publish","format-standard","has-post-thumbnail","hentry","category-andalusien","tag-andalusien-de_ch","tag-destination-management-company-in-spanien-de_ch","tag-dmc-de_ch","tag-dmc-fuer-spanien","tag-dmc-spanien-incentives-de_ch","tag-feria-de-abril-de_ch","tag-fiesta-de_ch","tag-flamenco-de_ch","tag-gruppenreise-nach-spanien-de_ch","tag-gruppenreisen-in-spanien-de_ch","tag-incentive-reisen-und-events-de_ch","tag-incentivereisen-in-spanien-de_ch","tag-incentives-in-spanien-de_ch","tag-incoming-de_ch","tag-spanien-de_ch","tag-tourismus-de_ch"],"yoast_head":"<!-- This site is optimized with the Yoast SEO plugin v26.9 - https:\/\/yoast.com\/product\/yoast-seo-wordpress\/ -->\n<title>Die Feria de Abril: S\u00fcdspaniens wildeste Party - DMC Spanien<\/title>\n<meta name=\"robots\" content=\"index, follow, max-snippet:-1, max-image-preview:large, max-video-preview:-1\" \/>\n<link rel=\"canonical\" href=\"https:\/\/www.hispanorama-tours.com\/de_ch\/dmc-fuer-spanien-blog\/andalusien\/die-feria-de-abril-suedspaniens-wildeste-party\/\" \/>\n<meta property=\"og:locale\" content=\"de_DE\" \/>\n<meta property=\"og:type\" content=\"article\" \/>\n<meta property=\"og:title\" content=\"Die Feria de Abril: S\u00fcdspaniens wildeste Party - DMC Spanien\" \/>\n<meta property=\"og:description\" content=\"Die Feria de Abril: S\u00fcdspaniens wildeste Party Man sagt dass man weiss dass der Fr\u00fchling in S\u00fcdspanien Einzug gehalten hat, wenn Sevillas Feria de Abril (April-Jahrmarkt) anf\u00e4ngt. Diese lebendige, traditionelle und hoch farbenfrohe spanische Fiesta zieht j\u00e4hrlich Besucher von nah und fern zum Essen, Trinken, Tanzen und Frohsein an. Wenn Sie in Sevilla sind werden [&hellip;]\" \/>\n<meta property=\"og:url\" content=\"https:\/\/www.hispanorama-tours.com\/de_ch\/dmc-fuer-spanien-blog\/andalusien\/die-feria-de-abril-suedspaniens-wildeste-party\/\" \/>\n<meta property=\"og:site_name\" content=\"DMC Spanien\" \/>\n<meta property=\"article:publisher\" content=\"https:\/\/www.facebook.com\/HispanoramaTours\/\" \/>\n<meta property=\"article:published_time\" content=\"2016-11-09T10:15:32+00:00\" \/>\n<meta property=\"article:modified_time\" content=\"2019-01-25T12:33:35+00:00\" \/>\n<meta property=\"og:image\" content=\"https:\/\/www.hispanorama-tours.com\/wp-content\/uploads\/2016\/11\/Feria-de-Abril_6.jpg\" \/>\n\t<meta property=\"og:image:width\" content=\"640\" \/>\n\t<meta property=\"og:image:height\" content=\"427\" \/>\n\t<meta property=\"og:image:type\" content=\"image\/jpeg\" \/>\n<meta name=\"author\" content=\"Katharina Giesler\" \/>\n<meta name=\"twitter:card\" content=\"summary_large_image\" \/>\n<meta name=\"twitter:creator\" content=\"@HispanoramaMAD\" \/>\n<meta name=\"twitter:site\" content=\"@HispanoramaMAD\" \/>\n<meta name=\"twitter:label1\" content=\"Geschrieben von\" \/>\n\t<meta name=\"twitter:data1\" content=\"Katharina Giesler\" \/>\n\t<meta name=\"twitter:label2\" content=\"Gesch\u00e4tzte Lesezeit\" \/>\n\t<meta name=\"twitter:data2\" content=\"2\u00a0Minuten\" \/>\n<script type=\"application\/ld+json\" class=\"yoast-schema-graph\">{\"@context\":\"https:\/\/schema.org\",\"@graph\":[{\"@type\":\"Article\",\"@id\":\"https:\/\/www.hispanorama-tours.com\/de_ch\/dmc-fuer-spanien-blog\/andalusien\/die-feria-de-abril-suedspaniens-wildeste-party\/#article\",\"isPartOf\":{\"@id\":\"https:\/\/www.hispanorama-tours.com\/de_ch\/dmc-fuer-spanien-blog\/andalusien\/die-feria-de-abril-suedspaniens-wildeste-party\/\"},\"author\":{\"name\":\"Katharina Giesler\",\"@id\":\"https:\/\/www.hispanorama-tours.com\/de_ch\/#\/schema\/person\/c57da6219d5c7903e17593ea214d1766\"},\"headline\":\"Die Feria de Abril: S\u00fcdspaniens wildeste Party\",\"datePublished\":\"2016-11-09T10:15:32+00:00\",\"dateModified\":\"2019-01-25T12:33:35+00:00\",\"mainEntityOfPage\":{\"@id\":\"https:\/\/www.hispanorama-tours.com\/de_ch\/dmc-fuer-spanien-blog\/andalusien\/die-feria-de-abril-suedspaniens-wildeste-party\/\"},\"wordCount\":498,\"commentCount\":0,\"publisher\":{\"@id\":\"https:\/\/www.hispanorama-tours.com\/de_ch\/#organization\"},\"image\":{\"@id\":\"https:\/\/www.hispanorama-tours.com\/de_ch\/dmc-fuer-spanien-blog\/andalusien\/die-feria-de-abril-suedspaniens-wildeste-party\/#primaryimage\"},\"thumbnailUrl\":\"https:\/\/www.hispanorama-tours.com\/wp-content\/uploads\/2016\/11\/Feria-de-Abril_6.jpg\",\"keywords\":[\"Andalusien\",\"Destination Management Company in Spanien\",\"DMC\",\"DMC f\u00fcr Spanien\",\"dmc spanien incentives\",\"Feria de Abril\",\"Fiesta\",\"Flamenco\",\"Gruppenreise nach Spanien\",\"Gruppenreisen in Spanien\",\"incentive reisen und events\",\"Incentivereisen in Spanien\",\"Incentives in Spanien\",\"Incoming\",\"Spanien\",\"Tourismus\"],\"articleSection\":[\"Andalusien\"],\"inLanguage\":\"de-CH\",\"potentialAction\":[{\"@type\":\"CommentAction\",\"name\":\"Comment\",\"target\":[\"https:\/\/www.hispanorama-tours.com\/de_ch\/dmc-fuer-spanien-blog\/andalusien\/die-feria-de-abril-suedspaniens-wildeste-party\/#respond\"]}]},{\"@type\":\"WebPage\",\"@id\":\"https:\/\/www.hispanorama-tours.com\/de_ch\/dmc-fuer-spanien-blog\/andalusien\/die-feria-de-abril-suedspaniens-wildeste-party\/\",\"url\":\"https:\/\/www.hispanorama-tours.com\/de_ch\/dmc-fuer-spanien-blog\/andalusien\/die-feria-de-abril-suedspaniens-wildeste-party\/\",\"name\":\"Die Feria de Abril: S\u00fcdspaniens wildeste Party - DMC Spanien\",\"isPartOf\":{\"@id\":\"https:\/\/www.hispanorama-tours.com\/de_ch\/#website\"},\"primaryImageOfPage\":{\"@id\":\"https:\/\/www.hispanorama-tours.com\/de_ch\/dmc-fuer-spanien-blog\/andalusien\/die-feria-de-abril-suedspaniens-wildeste-party\/#primaryimage\"},\"image\":{\"@id\":\"https:\/\/www.hispanorama-tours.com\/de_ch\/dmc-fuer-spanien-blog\/andalusien\/die-feria-de-abril-suedspaniens-wildeste-party\/#primaryimage\"},\"thumbnailUrl\":\"https:\/\/www.hispanorama-tours.com\/wp-content\/uploads\/2016\/11\/Feria-de-Abril_6.jpg\",\"datePublished\":\"2016-11-09T10:15:32+00:00\",\"dateModified\":\"2019-01-25T12:33:35+00:00\",\"breadcrumb\":{\"@id\":\"https:\/\/www.hispanorama-tours.com\/de_ch\/dmc-fuer-spanien-blog\/andalusien\/die-feria-de-abril-suedspaniens-wildeste-party\/#breadcrumb\"},\"inLanguage\":\"de-CH\",\"potentialAction\":[{\"@type\":\"ReadAction\",\"target\":[\"https:\/\/www.hispanorama-tours.com\/de_ch\/dmc-fuer-spanien-blog\/andalusien\/die-feria-de-abril-suedspaniens-wildeste-party\/\"]}]},{\"@type\":\"ImageObject\",\"inLanguage\":\"de-CH\",\"@id\":\"https:\/\/www.hispanorama-tours.com\/de_ch\/dmc-fuer-spanien-blog\/andalusien\/die-feria-de-abril-suedspaniens-wildeste-party\/#primaryimage\",\"url\":\"https:\/\/www.hispanorama-tours.com\/wp-content\/uploads\/2016\/11\/Feria-de-Abril_6.jpg\",\"contentUrl\":\"https:\/\/www.hispanorama-tours.com\/wp-content\/uploads\/2016\/11\/Feria-de-Abril_6.jpg\",\"width\":640,\"height\":427},{\"@type\":\"BreadcrumbList\",\"@id\":\"https:\/\/www.hispanorama-tours.com\/de_ch\/dmc-fuer-spanien-blog\/andalusien\/die-feria-de-abril-suedspaniens-wildeste-party\/#breadcrumb\",\"itemListElement\":[{\"@type\":\"ListItem\",\"position\":1,\"name\":\"Home\",\"item\":\"https:\/\/www.hispanorama-tours.com\/de_ch\/\"},{\"@type\":\"ListItem\",\"position\":2,\"name\":\"Die Feria de Abril: S\u00fcdspaniens wildeste Party\"}]},{\"@type\":\"WebSite\",\"@id\":\"https:\/\/www.hispanorama-tours.com\/de_ch\/#website\",\"url\":\"https:\/\/www.hispanorama-tours.com\/de_ch\/\",\"name\":\"DMC Spanien\",\"description\":\"Destination Management Company (DMC) in Spanien\",\"publisher\":{\"@id\":\"https:\/\/www.hispanorama-tours.com\/de_ch\/#organization\"},\"potentialAction\":[{\"@type\":\"SearchAction\",\"target\":{\"@type\":\"EntryPoint\",\"urlTemplate\":\"https:\/\/www.hispanorama-tours.com\/de_ch\/?s={search_term_string}\"},\"query-input\":{\"@type\":\"PropertyValueSpecification\",\"valueRequired\":true,\"valueName\":\"search_term_string\"}}],\"inLanguage\":\"de-CH\"},{\"@type\":\"Organization\",\"@id\":\"https:\/\/www.hispanorama-tours.com\/de_ch\/#organization\",\"name\":\"DMC for Spain Hispanorama tours & incentives\",\"url\":\"https:\/\/www.hispanorama-tours.com\/de_ch\/\",\"logo\":{\"@type\":\"ImageObject\",\"inLanguage\":\"de-CH\",\"@id\":\"https:\/\/www.hispanorama-tours.com\/de_ch\/#\/schema\/logo\/image\/\",\"url\":\"https:\/\/www.hispanorama-tours.com\/wp-content\/uploads\/2018\/06\/logo_hispanorama_tours_and_incentives3-1.png\",\"contentUrl\":\"https:\/\/www.hispanorama-tours.com\/wp-content\/uploads\/2018\/06\/logo_hispanorama_tours_and_incentives3-1.png\",\"width\":185,\"height\":120,\"caption\":\"DMC for Spain Hispanorama tours & incentives\"},\"image\":{\"@id\":\"https:\/\/www.hispanorama-tours.com\/de_ch\/#\/schema\/logo\/image\/\"},\"sameAs\":[\"https:\/\/www.facebook.com\/HispanoramaTours\/\",\"https:\/\/x.com\/HispanoramaMAD\",\"https:\/\/www.linkedin.com\/company\/hispanorama-tours-&amp;-incentives\/\"]},{\"@type\":\"Person\",\"@id\":\"https:\/\/www.hispanorama-tours.com\/de_ch\/#\/schema\/person\/c57da6219d5c7903e17593ea214d1766\",\"name\":\"Katharina Giesler\"}]}<\/script>\n<!-- \/ Yoast SEO plugin. -->","yoast_head_json":{"title":"Die Feria de Abril: S\u00fcdspaniens wildeste Party - DMC Spanien","robots":{"index":"index","follow":"follow","max-snippet":"max-snippet:-1","max-image-preview":"max-image-preview:large","max-video-preview":"max-video-preview:-1"},"canonical":"https:\/\/www.hispanorama-tours.com\/de_ch\/dmc-fuer-spanien-blog\/andalusien\/die-feria-de-abril-suedspaniens-wildeste-party\/","og_locale":"de_DE","og_type":"article","og_title":"Die Feria de Abril: S\u00fcdspaniens wildeste Party - DMC Spanien","og_description":"Die Feria de Abril: S\u00fcdspaniens wildeste Party Man sagt dass man weiss dass der Fr\u00fchling in S\u00fcdspanien Einzug gehalten hat, wenn Sevillas Feria de Abril (April-Jahrmarkt) anf\u00e4ngt. Diese lebendige, traditionelle und hoch farbenfrohe spanische Fiesta zieht j\u00e4hrlich Besucher von nah und fern zum Essen, Trinken, Tanzen und Frohsein an. Wenn Sie in Sevilla sind werden [&hellip;]","og_url":"https:\/\/www.hispanorama-tours.com\/de_ch\/dmc-fuer-spanien-blog\/andalusien\/die-feria-de-abril-suedspaniens-wildeste-party\/","og_site_name":"DMC Spanien","article_publisher":"https:\/\/www.facebook.com\/HispanoramaTours\/","article_published_time":"2016-11-09T10:15:32+00:00","article_modified_time":"2019-01-25T12:33:35+00:00","og_image":[{"width":640,"height":427,"url":"https:\/\/www.hispanorama-tours.com\/wp-content\/uploads\/2016\/11\/Feria-de-Abril_6.jpg","type":"image\/jpeg"}],"author":"Katharina Giesler","twitter_card":"summary_large_image","twitter_creator":"@HispanoramaMAD","twitter_site":"@HispanoramaMAD","twitter_misc":{"Geschrieben von":"Katharina Giesler","Gesch\u00e4tzte Lesezeit":"2\u00a0Minuten"},"schema":{"@context":"https:\/\/schema.org","@graph":[{"@type":"Article","@id":"https:\/\/www.hispanorama-tours.com\/de_ch\/dmc-fuer-spanien-blog\/andalusien\/die-feria-de-abril-suedspaniens-wildeste-party\/#article","isPartOf":{"@id":"https:\/\/www.hispanorama-tours.com\/de_ch\/dmc-fuer-spanien-blog\/andalusien\/die-feria-de-abril-suedspaniens-wildeste-party\/"},"author":{"name":"Katharina Giesler","@id":"https:\/\/www.hispanorama-tours.com\/de_ch\/#\/schema\/person\/c57da6219d5c7903e17593ea214d1766"},"headline":"Die Feria de Abril: S\u00fcdspaniens wildeste Party","datePublished":"2016-11-09T10:15:32+00:00","dateModified":"2019-01-25T12:33:35+00:00","mainEntityOfPage":{"@id":"https:\/\/www.hispanorama-tours.com\/de_ch\/dmc-fuer-spanien-blog\/andalusien\/die-feria-de-abril-suedspaniens-wildeste-party\/"},"wordCount":498,"commentCount":0,"publisher":{"@id":"https:\/\/www.hispanorama-tours.com\/de_ch\/#organization"},"image":{"@id":"https:\/\/www.hispanorama-tours.com\/de_ch\/dmc-fuer-spanien-blog\/andalusien\/die-feria-de-abril-suedspaniens-wildeste-party\/#primaryimage"},"thumbnailUrl":"https:\/\/www.hispanorama-tours.com\/wp-content\/uploads\/2016\/11\/Feria-de-Abril_6.jpg","keywords":["Andalusien","Destination Management Company in Spanien","DMC","DMC f\u00fcr Spanien","dmc spanien incentives","Feria de Abril","Fiesta","Flamenco","Gruppenreise nach Spanien","Gruppenreisen in Spanien","incentive reisen und events","Incentivereisen in Spanien","Incentives in Spanien","Incoming","Spanien","Tourismus"],"articleSection":["Andalusien"],"inLanguage":"de-CH","potentialAction":[{"@type":"CommentAction","name":"Comment","target":["https:\/\/www.hispanorama-tours.com\/de_ch\/dmc-fuer-spanien-blog\/andalusien\/die-feria-de-abril-suedspaniens-wildeste-party\/#respond"]}]},{"@type":"WebPage","@id":"https:\/\/www.hispanorama-tours.com\/de_ch\/dmc-fuer-spanien-blog\/andalusien\/die-feria-de-abril-suedspaniens-wildeste-party\/","url":"https:\/\/www.hispanorama-tours.com\/de_ch\/dmc-fuer-spanien-blog\/andalusien\/die-feria-de-abril-suedspaniens-wildeste-party\/","name":"Die Feria de Abril: S\u00fcdspaniens wildeste Party - DMC Spanien","isPartOf":{"@id":"https:\/\/www.hispanorama-tours.com\/de_ch\/#website"},"primaryImageOfPage":{"@id":"https:\/\/www.hispanorama-tours.com\/de_ch\/dmc-fuer-spanien-blog\/andalusien\/die-feria-de-abril-suedspaniens-wildeste-party\/#primaryimage"},"image":{"@id":"https:\/\/www.hispanorama-tours.com\/de_ch\/dmc-fuer-spanien-blog\/andalusien\/die-feria-de-abril-suedspaniens-wildeste-party\/#primaryimage"},"thumbnailUrl":"https:\/\/www.hispanorama-tours.com\/wp-content\/uploads\/2016\/11\/Feria-de-Abril_6.jpg","datePublished":"2016-11-09T10:15:32+00:00","dateModified":"2019-01-25T12:33:35+00:00","breadcrumb":{"@id":"https:\/\/www.hispanorama-tours.com\/de_ch\/dmc-fuer-spanien-blog\/andalusien\/die-feria-de-abril-suedspaniens-wildeste-party\/#breadcrumb"},"inLanguage":"de-CH","potentialAction":[{"@type":"ReadAction","target":["https:\/\/www.hispanorama-tours.com\/de_ch\/dmc-fuer-spanien-blog\/andalusien\/die-feria-de-abril-suedspaniens-wildeste-party\/"]}]},{"@type":"ImageObject","inLanguage":"de-CH","@id":"https:\/\/www.hispanorama-tours.com\/de_ch\/dmc-fuer-spanien-blog\/andalusien\/die-feria-de-abril-suedspaniens-wildeste-party\/#primaryimage","url":"https:\/\/www.hispanorama-tours.com\/wp-content\/uploads\/2016\/11\/Feria-de-Abril_6.jpg","contentUrl":"https:\/\/www.hispanorama-tours.com\/wp-content\/uploads\/2016\/11\/Feria-de-Abril_6.jpg","width":640,"height":427},{"@type":"BreadcrumbList","@id":"https:\/\/www.hispanorama-tours.com\/de_ch\/dmc-fuer-spanien-blog\/andalusien\/die-feria-de-abril-suedspaniens-wildeste-party\/#breadcrumb","itemListElement":[{"@type":"ListItem","position":1,"name":"Home","item":"https:\/\/www.hispanorama-tours.com\/de_ch\/"},{"@type":"ListItem","position":2,"name":"Die Feria de Abril: S\u00fcdspaniens wildeste Party"}]},{"@type":"WebSite","@id":"https:\/\/www.hispanorama-tours.com\/de_ch\/#website","url":"https:\/\/www.hispanorama-tours.com\/de_ch\/","name":"DMC Spanien","description":"Destination Management Company (DMC) in Spanien","publisher":{"@id":"https:\/\/www.hispanorama-tours.com\/de_ch\/#organization"},"potentialAction":[{"@type":"SearchAction","target":{"@type":"EntryPoint","urlTemplate":"https:\/\/www.hispanorama-tours.com\/de_ch\/?s={search_term_string}"},"query-input":{"@type":"PropertyValueSpecification","valueRequired":true,"valueName":"search_term_string"}}],"inLanguage":"de-CH"},{"@type":"Organization","@id":"https:\/\/www.hispanorama-tours.com\/de_ch\/#organization","name":"DMC for Spain Hispanorama tours & incentives","url":"https:\/\/www.hispanorama-tours.com\/de_ch\/","logo":{"@type":"ImageObject","inLanguage":"de-CH","@id":"https:\/\/www.hispanorama-tours.com\/de_ch\/#\/schema\/logo\/image\/","url":"https:\/\/www.hispanorama-tours.com\/wp-content\/uploads\/2018\/06\/logo_hispanorama_tours_and_incentives3-1.png","contentUrl":"https:\/\/www.hispanorama-tours.com\/wp-content\/uploads\/2018\/06\/logo_hispanorama_tours_and_incentives3-1.png","width":185,"height":120,"caption":"DMC for Spain Hispanorama tours & incentives"},"image":{"@id":"https:\/\/www.hispanorama-tours.com\/de_ch\/#\/schema\/logo\/image\/"},"sameAs":["https:\/\/www.facebook.com\/HispanoramaTours\/","https:\/\/x.com\/HispanoramaMAD","https:\/\/www.linkedin.com\/company\/hispanorama-tours-&amp;-incentives\/"]},{"@type":"Person","@id":"https:\/\/www.hispanorama-tours.com\/de_ch\/#\/schema\/person\/c57da6219d5c7903e17593ea214d1766","name":"Katharina Giesler"}]}},"_links":{"self":[{"href":"https:\/\/www.hispanorama-tours.com\/de_ch\/wp-json\/wp\/v2\/posts\/11783","targetHints":{"allow":["GET"]}}],"collection":[{"href":"https:\/\/www.hispanorama-tours.com\/de_ch\/wp-json\/wp\/v2\/posts"}],"about":[{"href":"https:\/\/www.hispanorama-tours.com\/de_ch\/wp-json\/wp\/v2\/types\/post"}],"author":[{"embeddable":true,"href":"https:\/\/www.hispanorama-tours.com\/de_ch\/wp-json\/wp\/v2\/users\/1"}],"replies":[{"embeddable":true,"href":"https:\/\/www.hispanorama-tours.com\/de_ch\/wp-json\/wp\/v2\/comments?post=11783"}],"version-history":[{"count":0,"href":"https:\/\/www.hispanorama-tours.com\/de_ch\/wp-json\/wp\/v2\/posts\/11783\/revisions"}],"wp:featuredmedia":[{"embeddable":true,"href":"https:\/\/www.hispanorama-tours.com\/de_ch\/wp-json\/wp\/v2\/media\/11785"}],"wp:attachment":[{"href":"https:\/\/www.hispanorama-tours.com\/de_ch\/wp-json\/wp\/v2\/media?parent=11783"}],"wp:term":[{"taxonomy":"category","embeddable":true,"href":"https:\/\/www.hispanorama-tours.com\/de_ch\/wp-json\/wp\/v2\/categories?post=11783"},{"taxonomy":"post_tag","embeddable":true,"href":"https:\/\/www.hispanorama-tours.com\/de_ch\/wp-json\/wp\/v2\/tags?post=11783"}],"curies":[{"name":"wp","href":"https:\/\/api.w.org\/{rel}","templated":true}]}}