
{"id":11671,"date":"2017-04-05T10:00:22","date_gmt":"2017-04-05T08:00:22","guid":{"rendered":"http:\/\/www.hispanorama-tours.com\/uncategorized-de_ch\/das-murillo-jahr-sevilla-ehrt-einen-grossartigen-maler\/"},"modified":"2019-08-08T14:29:17","modified_gmt":"2019-08-08T12:29:17","slug":"das-murillo-jahr-sevilla-ehrt-einen-grossartigen-maler","status":"publish","type":"post","link":"https:\/\/www.hispanorama-tours.com\/de_ch\/dmc-fuer-spanien-blog\/andalusien\/das-murillo-jahr-sevilla-ehrt-einen-grossartigen-maler\/","title":{"rendered":"Das Murillo-Jahr: Sevilla ehrt einen grossartigen Maler"},"content":{"rendered":"<p>Sevilla wird einen seiner gr\u00f6ssten K\u00fcnstler, Bartolome Esteban Murillo (1617-1682), mit dem Projekt &#171;Murillo und Sevilla. 400 Jahre seit der Geburt des Malers&#187; huldigen. Das Projekt geht weit \u00fcber eine Ausstellung der Werke eines Malers des Barrocks hinaus und Sevilla bietet diverse kulturelle und soziale Aktivit\u00e4ten mit Murillo als Mittelpunkt, seiner Kunst und sein Leben in der Stadt.<\/p>\n<p><strong>Das Leben und Werk von Murillo<\/strong><\/p>\n<p>Murillo wurde im Dezember 1617 als J\u00fcngster in einer Familie von 14 Kindern geboren. Mit 26 Jahren war er schon ein erfolgreicher K\u00fcnstler wessen Bekanntheitsgrad von da an durchwegs w\u00e4hrend seines gesamten Lebens anstieg.<\/p>\n<p>Der K\u00fcnstler war weiter bekannt als es je ein ander spanischer K\u00fcnstler seiner Zeit war. Es ist nicht verwunderlich, dass Sevilla ein ganzes Jahr lang daf\u00fcr ansetzt, den 400. Jahrestag zur Geburt Murillos in der Stadt zu feiern.<\/p>\n<p>Murillo war weitgehend f\u00fcr seine religi\u00f6sen Gem\u00e4lde bekannt, doch er schuf auch lebendige Portraits von den Leuten aus Sevilla. Er hatte viele Sch\u00fcler und Anh\u00e4nger und sein Stil wurde in ganz Spanien und Europa zahlreich nachgeahmt. Den K\u00fcnstler selbst inspirierte Diego Velazquez sehr stark.<\/p>\n<p><a href=\"https:\/\/www.hispanorama-tours.com\/wp-content\/uploads\/2017\/04\/Murillo_3.jpg\"><img loading=\"lazy\" decoding=\"async\" class=\"aligncenter size-full wp-image-7643\" src=\"https:\/\/www.hispanorama-tours.com\/wp-content\/uploads\/2017\/04\/Murillo_3.jpg\" alt=\"Murillo_3\" width=\"640\" height=\"378\" srcset=\"https:\/\/www.hispanorama-tours.com\/wp-content\/uploads\/2017\/04\/Murillo_3.jpg 640w, https:\/\/www.hispanorama-tours.com\/wp-content\/uploads\/2017\/04\/Murillo_3-300x177.jpg 300w, https:\/\/www.hispanorama-tours.com\/wp-content\/uploads\/2017\/04\/Murillo_3-305x180.jpg 305w\" sizes=\"(max-width: 640px) 100vw, 640px\" \/><\/a><\/p>\n<p><a href=\"https:\/\/www.hispanorama-tours.com\/wp-content\/uploads\/2017\/04\/Murillo_1.jpg\"><img loading=\"lazy\" decoding=\"async\" class=\"aligncenter size-full wp-image-7641\" src=\"https:\/\/www.hispanorama-tours.com\/wp-content\/uploads\/2017\/04\/Murillo_1.jpg\" alt=\"Murillo_1\" width=\"639\" height=\"480\" srcset=\"https:\/\/www.hispanorama-tours.com\/wp-content\/uploads\/2017\/04\/Murillo_1.jpg 639w, https:\/\/www.hispanorama-tours.com\/wp-content\/uploads\/2017\/04\/Murillo_1-300x225.jpg 300w\" sizes=\"(max-width: 639px) 100vw, 639px\" \/><\/a><\/p>\n<p><strong>Events und Aktivit\u00e4ten <\/strong><\/p>\n<p>Die Stadt Sevilla wird verschiedene Events und Aktivit\u00e4ten zu Ehren des K\u00fcnstlers organisieren, beginnend am 1. Dezember 2017 und endend im Januar 2019. Darunter werden verschiedene Ausstellungen von Murillos Werken in den st\u00e4dtischen Museen zu sehen sein. Zum Beispiel wird das Museum der Sch\u00f6nen K\u00fcnste Werke des K\u00fcnstlers ausstellen, die mit dem Wiederaufbau des Kapuziner-Altars in Verbindung stehen. Das Zentrum Santa Clara wird eine Ausstellung von Murillos Anh\u00e4ngern pr\u00e4sentieren und das Turina Zentrum wird Serien zu seinen letzten Werken zeigen.<\/p>\n<p>Ausserdem werden touristische Routen geschaffen, auf denen man Schl\u00fcsselorte und private R\u00e4umlichkeiten in Verbindung mit Murillo besichtigen kann, wie z.B. den Bischofspalast, die Kathedrale, das Hospital de los Venerables und Los Capuchinos Museum f\u00fcr Sch\u00f6ne K\u00fcnste, unter vielen anderen. Auch werden einzigartige musikale und audiovisuelle Events in der ganzen Stadt stattfinden, welche eine musikalische Route durch die Kirchen und Kappellen einschliesst. Letztendlich werden dynamische Aktivit\u00e4ten unter freiem Himmel abgehalten, wie das Gastronomie-Festival &#171;Kochen in Murillos Sevilla&#187;, Strassentheater und ein Barrock-Festival welches die Atomosph\u00e4re des Sevillas des 17. Jahrhunderts nachempfindet.<\/p>\n<p><a href=\"https:\/\/www.hispanorama-tours.com\/wp-content\/uploads\/2017\/04\/Murillo_2.jpg\"><img loading=\"lazy\" decoding=\"async\" class=\"aligncenter size-full wp-image-7642\" src=\"https:\/\/www.hispanorama-tours.com\/wp-content\/uploads\/2017\/04\/Murillo_2.jpg\" alt=\"Murillo_2\" width=\"640\" height=\"513\" srcset=\"https:\/\/www.hispanorama-tours.com\/wp-content\/uploads\/2017\/04\/Murillo_2.jpg 640w, https:\/\/www.hispanorama-tours.com\/wp-content\/uploads\/2017\/04\/Murillo_2-300x240.jpg 300w\" sizes=\"(max-width: 640px) 100vw, 640px\" \/><\/a><\/p>\n<p><a href=\"https:\/\/www.hispanorama-tours.com\/wp-content\/uploads\/2017\/04\/Murillo_6.jpg\"><img loading=\"lazy\" decoding=\"async\" class=\"aligncenter size-full wp-image-7646\" src=\"https:\/\/www.hispanorama-tours.com\/wp-content\/uploads\/2017\/04\/Murillo_6.jpg\" alt=\"Murillo_6\" width=\"640\" height=\"426\" srcset=\"https:\/\/www.hispanorama-tours.com\/wp-content\/uploads\/2017\/04\/Murillo_6.jpg 640w, https:\/\/www.hispanorama-tours.com\/wp-content\/uploads\/2017\/04\/Murillo_6-300x200.jpg 300w, https:\/\/www.hispanorama-tours.com\/wp-content\/uploads\/2017\/04\/Murillo_6-195x130.jpg 195w\" sizes=\"(max-width: 640px) 100vw, 640px\" \/><\/a><\/p>\n<p><strong>Murillo und Ihre Gruppenreise<\/strong><\/p>\n<p>Jede Gruppe die im Murillo-Jahr nach Sevilla reist, wird eine besondere Gelegenheit haben die Stadt aus einer wirklich einzigartigen Perspektive kennenzulernen. Fragen Sie uns wie Ihre Gruppe an den Events und Aktivit\u00e4ten auf ihrer Reise teilnehmen kann.<\/p>\n<p><a href=\"https:\/\/www.hispanorama-tours.com\/wp-content\/uploads\/2017\/04\/Murillo_4.png\"><img loading=\"lazy\" decoding=\"async\" class=\"aligncenter size-full wp-image-7644\" src=\"https:\/\/www.hispanorama-tours.com\/wp-content\/uploads\/2017\/04\/Murillo_4.png\" alt=\"Murillo_4\" width=\"640\" height=\"166\" srcset=\"https:\/\/www.hispanorama-tours.com\/wp-content\/uploads\/2017\/04\/Murillo_4.png 640w, https:\/\/www.hispanorama-tours.com\/wp-content\/uploads\/2017\/04\/Murillo_4-300x78.png 300w\" sizes=\"(max-width: 640px) 100vw, 640px\" \/><\/a><\/p>\n<p>&nbsp;<\/p>\n","protected":false},"excerpt":{"rendered":"<p>Sevilla wird einen seiner gr\u00f6ssten K\u00fcnstler, Bartolome Esteban Murillo (1617-1682), mit dem Projekt &#171;Murillo und Sevilla. 400 Jahre seit der Geburt des Malers&#187; huldigen. Das Projekt geht weit \u00fcber eine Ausstellung der Werke eines Malers des Barrocks hinaus und Sevilla bietet diverse kulturelle und soziale Aktivit\u00e4ten mit Murillo als Mittelpunkt, seiner Kunst und sein Leben [&hellip;]<\/p>\n","protected":false},"author":1,"featured_media":11673,"comment_status":"open","ping_status":"open","sticky":false,"template":"","format":"standard","meta":{"_et_pb_use_builder":"","_et_pb_old_content":"","_et_gb_content_width":"","inline_featured_image":false,"footnotes":""},"categories":[810],"tags":[811,4715,1507,4386,4736,1167,4733,4758,4759,4760,1510,5045,1103,1162,927,831],"class_list":["post-11671","post","type-post","status-publish","format-standard","has-post-thumbnail","hentry","category-andalusien","tag-andalusien-de_ch","tag-destination-management-company-in-spanien-de_ch","tag-dmc-de_ch","tag-dmc-fuer-spanien","tag-dmc-spanien-incentives-de_ch","tag-gruppenreise-nach-spanien-de_ch","tag-gruppenreisen-in-spanien-de_ch","tag-incentive-reisen-und-events-de_ch","tag-incentivereisen-in-spanien-de_ch","tag-incentives-in-spanien-de_ch","tag-incoming-de_ch","tag-konferenzen-und-meetings-in-spanien-de_ch","tag-kunst-de_ch","tag-murillo-de_ch","tag-spanien-de_ch","tag-tourismus-de_ch"],"yoast_head":"<!-- This site is optimized with the Yoast SEO plugin v26.9 - https:\/\/yoast.com\/product\/yoast-seo-wordpress\/ -->\n<title>Das Murillo-Jahr: Sevilla ehrt einen grossartigen Maler - DMC Spanien<\/title>\n<meta name=\"robots\" content=\"index, follow, max-snippet:-1, max-image-preview:large, max-video-preview:-1\" \/>\n<link rel=\"canonical\" href=\"https:\/\/www.hispanorama-tours.com\/de_ch\/dmc-fuer-spanien-blog\/andalusien\/das-murillo-jahr-sevilla-ehrt-einen-grossartigen-maler\/\" \/>\n<meta property=\"og:locale\" content=\"de_DE\" \/>\n<meta property=\"og:type\" content=\"article\" \/>\n<meta property=\"og:title\" content=\"Das Murillo-Jahr: Sevilla ehrt einen grossartigen Maler - DMC Spanien\" \/>\n<meta property=\"og:description\" content=\"Sevilla wird einen seiner gr\u00f6ssten K\u00fcnstler, Bartolome Esteban Murillo (1617-1682), mit dem Projekt &#171;Murillo und Sevilla. 400 Jahre seit der Geburt des Malers&#187; huldigen. Das Projekt geht weit \u00fcber eine Ausstellung der Werke eines Malers des Barrocks hinaus und Sevilla bietet diverse kulturelle und soziale Aktivit\u00e4ten mit Murillo als Mittelpunkt, seiner Kunst und sein Leben [&hellip;]\" \/>\n<meta property=\"og:url\" content=\"https:\/\/www.hispanorama-tours.com\/de_ch\/dmc-fuer-spanien-blog\/andalusien\/das-murillo-jahr-sevilla-ehrt-einen-grossartigen-maler\/\" \/>\n<meta property=\"og:site_name\" content=\"DMC Spanien\" \/>\n<meta property=\"article:publisher\" content=\"https:\/\/www.facebook.com\/HispanoramaTours\/\" \/>\n<meta property=\"article:published_time\" content=\"2017-04-05T08:00:22+00:00\" \/>\n<meta property=\"article:modified_time\" content=\"2019-08-08T12:29:17+00:00\" \/>\n<meta property=\"og:image\" content=\"https:\/\/www.hispanorama-tours.com\/wp-content\/uploads\/2017\/04\/Murillo_5.jpg\" \/>\n\t<meta property=\"og:image:width\" content=\"640\" \/>\n\t<meta property=\"og:image:height\" content=\"360\" \/>\n\t<meta property=\"og:image:type\" content=\"image\/jpeg\" \/>\n<meta name=\"author\" content=\"Katharina Giesler\" \/>\n<meta name=\"twitter:card\" content=\"summary_large_image\" \/>\n<meta name=\"twitter:creator\" content=\"@HispanoramaMAD\" \/>\n<meta name=\"twitter:site\" content=\"@HispanoramaMAD\" \/>\n<meta name=\"twitter:label1\" content=\"Geschrieben von\" \/>\n\t<meta name=\"twitter:data1\" content=\"Katharina Giesler\" \/>\n\t<meta name=\"twitter:label2\" content=\"Gesch\u00e4tzte Lesezeit\" \/>\n\t<meta name=\"twitter:data2\" content=\"2\u00a0Minuten\" \/>\n<script type=\"application\/ld+json\" class=\"yoast-schema-graph\">{\"@context\":\"https:\/\/schema.org\",\"@graph\":[{\"@type\":\"Article\",\"@id\":\"https:\/\/www.hispanorama-tours.com\/de_ch\/dmc-fuer-spanien-blog\/andalusien\/das-murillo-jahr-sevilla-ehrt-einen-grossartigen-maler\/#article\",\"isPartOf\":{\"@id\":\"https:\/\/www.hispanorama-tours.com\/de_ch\/dmc-fuer-spanien-blog\/andalusien\/das-murillo-jahr-sevilla-ehrt-einen-grossartigen-maler\/\"},\"author\":{\"name\":\"Katharina Giesler\",\"@id\":\"https:\/\/www.hispanorama-tours.com\/de_ch\/#\/schema\/person\/c57da6219d5c7903e17593ea214d1766\"},\"headline\":\"Das Murillo-Jahr: Sevilla ehrt einen grossartigen Maler\",\"datePublished\":\"2017-04-05T08:00:22+00:00\",\"dateModified\":\"2019-08-08T12:29:17+00:00\",\"mainEntityOfPage\":{\"@id\":\"https:\/\/www.hispanorama-tours.com\/de_ch\/dmc-fuer-spanien-blog\/andalusien\/das-murillo-jahr-sevilla-ehrt-einen-grossartigen-maler\/\"},\"wordCount\":425,\"commentCount\":0,\"publisher\":{\"@id\":\"https:\/\/www.hispanorama-tours.com\/de_ch\/#organization\"},\"image\":{\"@id\":\"https:\/\/www.hispanorama-tours.com\/de_ch\/dmc-fuer-spanien-blog\/andalusien\/das-murillo-jahr-sevilla-ehrt-einen-grossartigen-maler\/#primaryimage\"},\"thumbnailUrl\":\"https:\/\/www.hispanorama-tours.com\/wp-content\/uploads\/2017\/04\/Murillo_5.jpg\",\"keywords\":[\"Andalusien\",\"Destination Management Company in Spanien\",\"DMC\",\"DMC f\u00fcr Spanien\",\"dmc spanien incentives\",\"Gruppenreise nach Spanien\",\"Gruppenreisen in Spanien\",\"incentive reisen und events\",\"Incentivereisen in Spanien\",\"Incentives in Spanien\",\"Incoming\",\"konferenzen und meetings in spanien\",\"Kunst\",\"Murillo\",\"Spanien\",\"Tourismus\"],\"articleSection\":[\"Andalusien\"],\"inLanguage\":\"de-CH\",\"potentialAction\":[{\"@type\":\"CommentAction\",\"name\":\"Comment\",\"target\":[\"https:\/\/www.hispanorama-tours.com\/de_ch\/dmc-fuer-spanien-blog\/andalusien\/das-murillo-jahr-sevilla-ehrt-einen-grossartigen-maler\/#respond\"]}]},{\"@type\":\"WebPage\",\"@id\":\"https:\/\/www.hispanorama-tours.com\/de_ch\/dmc-fuer-spanien-blog\/andalusien\/das-murillo-jahr-sevilla-ehrt-einen-grossartigen-maler\/\",\"url\":\"https:\/\/www.hispanorama-tours.com\/de_ch\/dmc-fuer-spanien-blog\/andalusien\/das-murillo-jahr-sevilla-ehrt-einen-grossartigen-maler\/\",\"name\":\"Das Murillo-Jahr: Sevilla ehrt einen grossartigen Maler - DMC Spanien\",\"isPartOf\":{\"@id\":\"https:\/\/www.hispanorama-tours.com\/de_ch\/#website\"},\"primaryImageOfPage\":{\"@id\":\"https:\/\/www.hispanorama-tours.com\/de_ch\/dmc-fuer-spanien-blog\/andalusien\/das-murillo-jahr-sevilla-ehrt-einen-grossartigen-maler\/#primaryimage\"},\"image\":{\"@id\":\"https:\/\/www.hispanorama-tours.com\/de_ch\/dmc-fuer-spanien-blog\/andalusien\/das-murillo-jahr-sevilla-ehrt-einen-grossartigen-maler\/#primaryimage\"},\"thumbnailUrl\":\"https:\/\/www.hispanorama-tours.com\/wp-content\/uploads\/2017\/04\/Murillo_5.jpg\",\"datePublished\":\"2017-04-05T08:00:22+00:00\",\"dateModified\":\"2019-08-08T12:29:17+00:00\",\"breadcrumb\":{\"@id\":\"https:\/\/www.hispanorama-tours.com\/de_ch\/dmc-fuer-spanien-blog\/andalusien\/das-murillo-jahr-sevilla-ehrt-einen-grossartigen-maler\/#breadcrumb\"},\"inLanguage\":\"de-CH\",\"potentialAction\":[{\"@type\":\"ReadAction\",\"target\":[\"https:\/\/www.hispanorama-tours.com\/de_ch\/dmc-fuer-spanien-blog\/andalusien\/das-murillo-jahr-sevilla-ehrt-einen-grossartigen-maler\/\"]}]},{\"@type\":\"ImageObject\",\"inLanguage\":\"de-CH\",\"@id\":\"https:\/\/www.hispanorama-tours.com\/de_ch\/dmc-fuer-spanien-blog\/andalusien\/das-murillo-jahr-sevilla-ehrt-einen-grossartigen-maler\/#primaryimage\",\"url\":\"https:\/\/www.hispanorama-tours.com\/wp-content\/uploads\/2017\/04\/Murillo_5.jpg\",\"contentUrl\":\"https:\/\/www.hispanorama-tours.com\/wp-content\/uploads\/2017\/04\/Murillo_5.jpg\",\"width\":640,\"height\":360},{\"@type\":\"BreadcrumbList\",\"@id\":\"https:\/\/www.hispanorama-tours.com\/de_ch\/dmc-fuer-spanien-blog\/andalusien\/das-murillo-jahr-sevilla-ehrt-einen-grossartigen-maler\/#breadcrumb\",\"itemListElement\":[{\"@type\":\"ListItem\",\"position\":1,\"name\":\"Home\",\"item\":\"https:\/\/www.hispanorama-tours.com\/de_ch\/\"},{\"@type\":\"ListItem\",\"position\":2,\"name\":\"Das Murillo-Jahr: Sevilla ehrt einen grossartigen Maler\"}]},{\"@type\":\"WebSite\",\"@id\":\"https:\/\/www.hispanorama-tours.com\/de_ch\/#website\",\"url\":\"https:\/\/www.hispanorama-tours.com\/de_ch\/\",\"name\":\"DMC Spanien\",\"description\":\"Destination Management Company (DMC) in Spanien\",\"publisher\":{\"@id\":\"https:\/\/www.hispanorama-tours.com\/de_ch\/#organization\"},\"potentialAction\":[{\"@type\":\"SearchAction\",\"target\":{\"@type\":\"EntryPoint\",\"urlTemplate\":\"https:\/\/www.hispanorama-tours.com\/de_ch\/?s={search_term_string}\"},\"query-input\":{\"@type\":\"PropertyValueSpecification\",\"valueRequired\":true,\"valueName\":\"search_term_string\"}}],\"inLanguage\":\"de-CH\"},{\"@type\":\"Organization\",\"@id\":\"https:\/\/www.hispanorama-tours.com\/de_ch\/#organization\",\"name\":\"DMC for Spain Hispanorama tours & incentives\",\"url\":\"https:\/\/www.hispanorama-tours.com\/de_ch\/\",\"logo\":{\"@type\":\"ImageObject\",\"inLanguage\":\"de-CH\",\"@id\":\"https:\/\/www.hispanorama-tours.com\/de_ch\/#\/schema\/logo\/image\/\",\"url\":\"https:\/\/www.hispanorama-tours.com\/wp-content\/uploads\/2018\/06\/logo_hispanorama_tours_and_incentives3-1.png\",\"contentUrl\":\"https:\/\/www.hispanorama-tours.com\/wp-content\/uploads\/2018\/06\/logo_hispanorama_tours_and_incentives3-1.png\",\"width\":185,\"height\":120,\"caption\":\"DMC for Spain Hispanorama tours & incentives\"},\"image\":{\"@id\":\"https:\/\/www.hispanorama-tours.com\/de_ch\/#\/schema\/logo\/image\/\"},\"sameAs\":[\"https:\/\/www.facebook.com\/HispanoramaTours\/\",\"https:\/\/x.com\/HispanoramaMAD\",\"https:\/\/www.linkedin.com\/company\/hispanorama-tours-&amp;-incentives\/\"]},{\"@type\":\"Person\",\"@id\":\"https:\/\/www.hispanorama-tours.com\/de_ch\/#\/schema\/person\/c57da6219d5c7903e17593ea214d1766\",\"name\":\"Katharina Giesler\"}]}<\/script>\n<!-- \/ Yoast SEO plugin. -->","yoast_head_json":{"title":"Das Murillo-Jahr: Sevilla ehrt einen grossartigen Maler - DMC Spanien","robots":{"index":"index","follow":"follow","max-snippet":"max-snippet:-1","max-image-preview":"max-image-preview:large","max-video-preview":"max-video-preview:-1"},"canonical":"https:\/\/www.hispanorama-tours.com\/de_ch\/dmc-fuer-spanien-blog\/andalusien\/das-murillo-jahr-sevilla-ehrt-einen-grossartigen-maler\/","og_locale":"de_DE","og_type":"article","og_title":"Das Murillo-Jahr: Sevilla ehrt einen grossartigen Maler - DMC Spanien","og_description":"Sevilla wird einen seiner gr\u00f6ssten K\u00fcnstler, Bartolome Esteban Murillo (1617-1682), mit dem Projekt &#171;Murillo und Sevilla. 400 Jahre seit der Geburt des Malers&#187; huldigen. Das Projekt geht weit \u00fcber eine Ausstellung der Werke eines Malers des Barrocks hinaus und Sevilla bietet diverse kulturelle und soziale Aktivit\u00e4ten mit Murillo als Mittelpunkt, seiner Kunst und sein Leben [&hellip;]","og_url":"https:\/\/www.hispanorama-tours.com\/de_ch\/dmc-fuer-spanien-blog\/andalusien\/das-murillo-jahr-sevilla-ehrt-einen-grossartigen-maler\/","og_site_name":"DMC Spanien","article_publisher":"https:\/\/www.facebook.com\/HispanoramaTours\/","article_published_time":"2017-04-05T08:00:22+00:00","article_modified_time":"2019-08-08T12:29:17+00:00","og_image":[{"width":640,"height":360,"url":"https:\/\/www.hispanorama-tours.com\/wp-content\/uploads\/2017\/04\/Murillo_5.jpg","type":"image\/jpeg"}],"author":"Katharina Giesler","twitter_card":"summary_large_image","twitter_creator":"@HispanoramaMAD","twitter_site":"@HispanoramaMAD","twitter_misc":{"Geschrieben von":"Katharina Giesler","Gesch\u00e4tzte Lesezeit":"2\u00a0Minuten"},"schema":{"@context":"https:\/\/schema.org","@graph":[{"@type":"Article","@id":"https:\/\/www.hispanorama-tours.com\/de_ch\/dmc-fuer-spanien-blog\/andalusien\/das-murillo-jahr-sevilla-ehrt-einen-grossartigen-maler\/#article","isPartOf":{"@id":"https:\/\/www.hispanorama-tours.com\/de_ch\/dmc-fuer-spanien-blog\/andalusien\/das-murillo-jahr-sevilla-ehrt-einen-grossartigen-maler\/"},"author":{"name":"Katharina Giesler","@id":"https:\/\/www.hispanorama-tours.com\/de_ch\/#\/schema\/person\/c57da6219d5c7903e17593ea214d1766"},"headline":"Das Murillo-Jahr: Sevilla ehrt einen grossartigen Maler","datePublished":"2017-04-05T08:00:22+00:00","dateModified":"2019-08-08T12:29:17+00:00","mainEntityOfPage":{"@id":"https:\/\/www.hispanorama-tours.com\/de_ch\/dmc-fuer-spanien-blog\/andalusien\/das-murillo-jahr-sevilla-ehrt-einen-grossartigen-maler\/"},"wordCount":425,"commentCount":0,"publisher":{"@id":"https:\/\/www.hispanorama-tours.com\/de_ch\/#organization"},"image":{"@id":"https:\/\/www.hispanorama-tours.com\/de_ch\/dmc-fuer-spanien-blog\/andalusien\/das-murillo-jahr-sevilla-ehrt-einen-grossartigen-maler\/#primaryimage"},"thumbnailUrl":"https:\/\/www.hispanorama-tours.com\/wp-content\/uploads\/2017\/04\/Murillo_5.jpg","keywords":["Andalusien","Destination Management Company in Spanien","DMC","DMC f\u00fcr Spanien","dmc spanien incentives","Gruppenreise nach Spanien","Gruppenreisen in Spanien","incentive reisen und events","Incentivereisen in Spanien","Incentives in Spanien","Incoming","konferenzen und meetings in spanien","Kunst","Murillo","Spanien","Tourismus"],"articleSection":["Andalusien"],"inLanguage":"de-CH","potentialAction":[{"@type":"CommentAction","name":"Comment","target":["https:\/\/www.hispanorama-tours.com\/de_ch\/dmc-fuer-spanien-blog\/andalusien\/das-murillo-jahr-sevilla-ehrt-einen-grossartigen-maler\/#respond"]}]},{"@type":"WebPage","@id":"https:\/\/www.hispanorama-tours.com\/de_ch\/dmc-fuer-spanien-blog\/andalusien\/das-murillo-jahr-sevilla-ehrt-einen-grossartigen-maler\/","url":"https:\/\/www.hispanorama-tours.com\/de_ch\/dmc-fuer-spanien-blog\/andalusien\/das-murillo-jahr-sevilla-ehrt-einen-grossartigen-maler\/","name":"Das Murillo-Jahr: Sevilla ehrt einen grossartigen Maler - DMC Spanien","isPartOf":{"@id":"https:\/\/www.hispanorama-tours.com\/de_ch\/#website"},"primaryImageOfPage":{"@id":"https:\/\/www.hispanorama-tours.com\/de_ch\/dmc-fuer-spanien-blog\/andalusien\/das-murillo-jahr-sevilla-ehrt-einen-grossartigen-maler\/#primaryimage"},"image":{"@id":"https:\/\/www.hispanorama-tours.com\/de_ch\/dmc-fuer-spanien-blog\/andalusien\/das-murillo-jahr-sevilla-ehrt-einen-grossartigen-maler\/#primaryimage"},"thumbnailUrl":"https:\/\/www.hispanorama-tours.com\/wp-content\/uploads\/2017\/04\/Murillo_5.jpg","datePublished":"2017-04-05T08:00:22+00:00","dateModified":"2019-08-08T12:29:17+00:00","breadcrumb":{"@id":"https:\/\/www.hispanorama-tours.com\/de_ch\/dmc-fuer-spanien-blog\/andalusien\/das-murillo-jahr-sevilla-ehrt-einen-grossartigen-maler\/#breadcrumb"},"inLanguage":"de-CH","potentialAction":[{"@type":"ReadAction","target":["https:\/\/www.hispanorama-tours.com\/de_ch\/dmc-fuer-spanien-blog\/andalusien\/das-murillo-jahr-sevilla-ehrt-einen-grossartigen-maler\/"]}]},{"@type":"ImageObject","inLanguage":"de-CH","@id":"https:\/\/www.hispanorama-tours.com\/de_ch\/dmc-fuer-spanien-blog\/andalusien\/das-murillo-jahr-sevilla-ehrt-einen-grossartigen-maler\/#primaryimage","url":"https:\/\/www.hispanorama-tours.com\/wp-content\/uploads\/2017\/04\/Murillo_5.jpg","contentUrl":"https:\/\/www.hispanorama-tours.com\/wp-content\/uploads\/2017\/04\/Murillo_5.jpg","width":640,"height":360},{"@type":"BreadcrumbList","@id":"https:\/\/www.hispanorama-tours.com\/de_ch\/dmc-fuer-spanien-blog\/andalusien\/das-murillo-jahr-sevilla-ehrt-einen-grossartigen-maler\/#breadcrumb","itemListElement":[{"@type":"ListItem","position":1,"name":"Home","item":"https:\/\/www.hispanorama-tours.com\/de_ch\/"},{"@type":"ListItem","position":2,"name":"Das Murillo-Jahr: Sevilla ehrt einen grossartigen Maler"}]},{"@type":"WebSite","@id":"https:\/\/www.hispanorama-tours.com\/de_ch\/#website","url":"https:\/\/www.hispanorama-tours.com\/de_ch\/","name":"DMC Spanien","description":"Destination Management Company (DMC) in Spanien","publisher":{"@id":"https:\/\/www.hispanorama-tours.com\/de_ch\/#organization"},"potentialAction":[{"@type":"SearchAction","target":{"@type":"EntryPoint","urlTemplate":"https:\/\/www.hispanorama-tours.com\/de_ch\/?s={search_term_string}"},"query-input":{"@type":"PropertyValueSpecification","valueRequired":true,"valueName":"search_term_string"}}],"inLanguage":"de-CH"},{"@type":"Organization","@id":"https:\/\/www.hispanorama-tours.com\/de_ch\/#organization","name":"DMC for Spain Hispanorama tours & incentives","url":"https:\/\/www.hispanorama-tours.com\/de_ch\/","logo":{"@type":"ImageObject","inLanguage":"de-CH","@id":"https:\/\/www.hispanorama-tours.com\/de_ch\/#\/schema\/logo\/image\/","url":"https:\/\/www.hispanorama-tours.com\/wp-content\/uploads\/2018\/06\/logo_hispanorama_tours_and_incentives3-1.png","contentUrl":"https:\/\/www.hispanorama-tours.com\/wp-content\/uploads\/2018\/06\/logo_hispanorama_tours_and_incentives3-1.png","width":185,"height":120,"caption":"DMC for Spain Hispanorama tours & incentives"},"image":{"@id":"https:\/\/www.hispanorama-tours.com\/de_ch\/#\/schema\/logo\/image\/"},"sameAs":["https:\/\/www.facebook.com\/HispanoramaTours\/","https:\/\/x.com\/HispanoramaMAD","https:\/\/www.linkedin.com\/company\/hispanorama-tours-&amp;-incentives\/"]},{"@type":"Person","@id":"https:\/\/www.hispanorama-tours.com\/de_ch\/#\/schema\/person\/c57da6219d5c7903e17593ea214d1766","name":"Katharina Giesler"}]}},"_links":{"self":[{"href":"https:\/\/www.hispanorama-tours.com\/de_ch\/wp-json\/wp\/v2\/posts\/11671","targetHints":{"allow":["GET"]}}],"collection":[{"href":"https:\/\/www.hispanorama-tours.com\/de_ch\/wp-json\/wp\/v2\/posts"}],"about":[{"href":"https:\/\/www.hispanorama-tours.com\/de_ch\/wp-json\/wp\/v2\/types\/post"}],"author":[{"embeddable":true,"href":"https:\/\/www.hispanorama-tours.com\/de_ch\/wp-json\/wp\/v2\/users\/1"}],"replies":[{"embeddable":true,"href":"https:\/\/www.hispanorama-tours.com\/de_ch\/wp-json\/wp\/v2\/comments?post=11671"}],"version-history":[{"count":0,"href":"https:\/\/www.hispanorama-tours.com\/de_ch\/wp-json\/wp\/v2\/posts\/11671\/revisions"}],"wp:featuredmedia":[{"embeddable":true,"href":"https:\/\/www.hispanorama-tours.com\/de_ch\/wp-json\/wp\/v2\/media\/11673"}],"wp:attachment":[{"href":"https:\/\/www.hispanorama-tours.com\/de_ch\/wp-json\/wp\/v2\/media?parent=11671"}],"wp:term":[{"taxonomy":"category","embeddable":true,"href":"https:\/\/www.hispanorama-tours.com\/de_ch\/wp-json\/wp\/v2\/categories?post=11671"},{"taxonomy":"post_tag","embeddable":true,"href":"https:\/\/www.hispanorama-tours.com\/de_ch\/wp-json\/wp\/v2\/tags?post=11671"}],"curies":[{"name":"wp","href":"https:\/\/api.w.org\/{rel}","templated":true}]}}