
{"id":11417,"date":"2018-03-28T11:00:05","date_gmt":"2018-03-28T09:00:05","guid":{"rendered":"http:\/\/www.hispanorama-tours.com\/uncategorized-de_ch\/die-karwoche-in-extremadura\/"},"modified":"2019-01-15T11:12:05","modified_gmt":"2019-01-15T10:12:05","slug":"die-karwoche-in-extremadura","status":"publish","type":"post","link":"https:\/\/www.hispanorama-tours.com\/de_ch\/dmc-fuer-spanien-blog\/extremadura\/die-karwoche-in-extremadura\/","title":{"rendered":"Die Karwoche in Extremadura"},"content":{"rendered":"<p><strong>Die Karwoche in Extremadura<\/strong><\/p>\n<p>In der <em>Semana Santa<\/em> (der Kar- oder Osterwoche) zeigt Spanien ein v\u00f6llig anderes Gesicht, mit Feiern und Prozessionen gro\u00dfer Intensit\u00e4t und voller Emotionen. In den Stra\u00dfen sind Tag und Nacht unheimliche d\u00fcstere Trommeln zu h\u00f6ren, es gibt Unmengen bunter Blumen, jahrhundertalte religi\u00f6se Statuen und eine einzigartige Atmosph\u00e4re. Andalusien ist ganz eindeutig das beliebteste Reiseziel f\u00fcr die Osterwoche. F\u00fcr diejenigen, die die Osterwoche auf einer weniger bereisten Route (und mit weniger Menschenmassen) erleben m\u00f6chten, ist die Extremadura eine ideale Alternative.<\/p>\n<p>Diese Provinz im Westen Spaniens bietet ein reichhaltiges Angebot an Schauspielen und Prozessionen zu Ostern. Die St\u00e4dte Plasencia, Trujillo und Jerez de los Caballeros beherbergen einige der wichtigsten religi\u00f6sen Bilder Spaniens. Eine bemerkenswerte Veranstaltung ist die Pasi\u00f3n Viviente von Oliva de la Frontera, bei der die Einwohner des Dorfs an einer gro\u00dfen Inszenierung des Passionsgeschehens teilnehmen. Es gibt Los Empalaos (die Gepf\u00e4hlten) von Valverde de la Vera, ein religi\u00f6ses Ritual, das seit dem 16. Jahrhundert begangen wird. Jetzt noch einige andere Besonderheiten, die eine spezielle Erw\u00e4hnung wert sind.<\/p>\n<p><strong>C\u00e1ceres: die d\u00fcstere Sch\u00f6nheit einer eindrucksvollen Stadt<\/strong><\/p>\n<p>Die Karwoche in C\u00e1ceres wird vorwiegend im historischen Stadtkern der Stadt gefeiert, die zum Weltkulturerbe geh\u00f6rt. Die mittelalterliche Kulisse verleiht dieser Karwoche besonderen Charme und macht sie zu einer der einzigartigsten Osterferien weltweit, mit den d\u00fcsteren Prozessionen und den wertvollen Statuen, die dort zu sehen sind. H\u00f6hepunkt ist die Nacht vom Mittwoch, wenn die Statue mit dem Schwarzen Christus am Kreuz aus der Kirche und durch die Stra\u00dfen der Stadt getragen wird. Das Kreuz ist aus dem 14. Jahrhundert und diese Prozession findet wunderbarerweise in absoluter Stille statt.<\/p>\n<p><a href=\"https:\/\/www.hispanorama-tours.com\/wp-content\/uploads\/2018\/03\/SSExtremaduraCaceres3.jpg\"><img loading=\"lazy\" decoding=\"async\" class=\"aligncenter size-full wp-image-8228\" src=\"https:\/\/www.hispanorama-tours.com\/wp-content\/uploads\/2018\/03\/SSExtremaduraCaceres3.jpg\" alt=\"SSExtremaduraCaceres3\" width=\"640\" height=\"427\" srcset=\"https:\/\/www.hispanorama-tours.com\/wp-content\/uploads\/2018\/03\/SSExtremaduraCaceres3.jpg 640w, https:\/\/www.hispanorama-tours.com\/wp-content\/uploads\/2018\/03\/SSExtremaduraCaceres3-300x200.jpg 300w, https:\/\/www.hispanorama-tours.com\/wp-content\/uploads\/2018\/03\/SSExtremaduraCaceres3-195x130.jpg 195w\" sizes=\"(max-width: 640px) 100vw, 640px\" \/><\/a>\u00a0 <a href=\"https:\/\/www.hispanorama-tours.com\/wp-content\/uploads\/2018\/03\/SSExtremaduraCaceres2.jpg\"><img loading=\"lazy\" decoding=\"async\" class=\"aligncenter size-full wp-image-8227\" src=\"https:\/\/www.hispanorama-tours.com\/wp-content\/uploads\/2018\/03\/SSExtremaduraCaceres2.jpg\" alt=\"SSExtremaduraCaceres2\" width=\"640\" height=\"960\" srcset=\"https:\/\/www.hispanorama-tours.com\/wp-content\/uploads\/2018\/03\/SSExtremaduraCaceres2.jpg 640w, https:\/\/www.hispanorama-tours.com\/wp-content\/uploads\/2018\/03\/SSExtremaduraCaceres2-200x300.jpg 200w\" sizes=\"(max-width: 640px) 100vw, 640px\" \/><\/a><\/p>\n<p><a href=\"https:\/\/www.hispanorama-tours.com\/wp-content\/uploads\/2018\/03\/SSExtremaduraCaceres.jpg\"><img loading=\"lazy\" decoding=\"async\" class=\"aligncenter size-full wp-image-8232\" src=\"https:\/\/www.hispanorama-tours.com\/wp-content\/uploads\/2018\/03\/SSExtremaduraCaceres.jpg\" alt=\"SSExtremaduraCaceres\" width=\"640\" height=\"427\" srcset=\"https:\/\/www.hispanorama-tours.com\/wp-content\/uploads\/2018\/03\/SSExtremaduraCaceres.jpg 640w, https:\/\/www.hispanorama-tours.com\/wp-content\/uploads\/2018\/03\/SSExtremaduraCaceres-300x200.jpg 300w, https:\/\/www.hispanorama-tours.com\/wp-content\/uploads\/2018\/03\/SSExtremaduraCaceres-195x130.jpg 195w\" sizes=\"(max-width: 640px) 100vw, 640px\" \/><\/a><\/p>\n<p><strong>M\u00e9rida: die Karwoche inmitten r\u00f6mischer Ruinen <\/strong><\/p>\n<p>Bei der Karwoche in M\u00e9rida werden mehr als 30 Statuen in einer Prozession durch die Stadt getragen, die meisten von ihnen wahre Meisterwerke, die vor Jahrhunderten von weit bekannten Bildhauern geschaffen wurden. Diese Festlichkeiten sind ganz besonders bemerkenswert, dank der einzigartigen Kulisse, der Prozessionen und der anderen Rituale, die zwischen den alten r\u00f6mischen Ruinen der Stadt, einschlie\u00dflich dem r\u00f6mischen Amphitheater, dem Tempel der Diana, dem Triumphbogen des Trajan und der r\u00f6mischen Br\u00fccke stattfinden.<\/p>\n<p><a href=\"https:\/\/www.hispanorama-tours.com\/wp-content\/uploads\/2018\/03\/SSExtremaduraMerida.jpg\"><img loading=\"lazy\" decoding=\"async\" class=\"aligncenter size-full wp-image-8229\" src=\"https:\/\/www.hispanorama-tours.com\/wp-content\/uploads\/2018\/03\/SSExtremaduraMerida.jpg\" alt=\"SSExtremaduraMerida\" width=\"640\" height=\"426\" srcset=\"https:\/\/www.hispanorama-tours.com\/wp-content\/uploads\/2018\/03\/SSExtremaduraMerida.jpg 640w, https:\/\/www.hispanorama-tours.com\/wp-content\/uploads\/2018\/03\/SSExtremaduraMerida-300x200.jpg 300w, https:\/\/www.hispanorama-tours.com\/wp-content\/uploads\/2018\/03\/SSExtremaduraMerida-195x130.jpg 195w\" sizes=\"(max-width: 640px) 100vw, 640px\" \/><\/a><\/p>\n<p><a href=\"https:\/\/www.hispanorama-tours.com\/wp-content\/uploads\/2018\/03\/SSExtremaduraMerida2.jpg\"><img loading=\"lazy\" decoding=\"async\" class=\"aligncenter size-full wp-image-8233\" src=\"https:\/\/www.hispanorama-tours.com\/wp-content\/uploads\/2018\/03\/SSExtremaduraMerida2.jpg\" alt=\"SSExtremaduraMerida2\" width=\"640\" height=\"426\" srcset=\"https:\/\/www.hispanorama-tours.com\/wp-content\/uploads\/2018\/03\/SSExtremaduraMerida2.jpg 640w, https:\/\/www.hispanorama-tours.com\/wp-content\/uploads\/2018\/03\/SSExtremaduraMerida2-300x200.jpg 300w, https:\/\/www.hispanorama-tours.com\/wp-content\/uploads\/2018\/03\/SSExtremaduraMerida2-195x130.jpg 195w\" sizes=\"(max-width: 640px) 100vw, 640px\" \/><\/a><\/p>\n<p><strong>Badajoz: ein unvergleichliches k\u00fcnstlerisches Erbe<\/strong><\/p>\n<p>Die Karwoche von Badajoz geht auf das 16. Jahrhundert zur\u00fcck, als die Stadt bereits einen gro\u00dfen Schatz religi\u00f6ser Kunstwerke besa\u00df, die heute einen gro\u00dfen historischen und k\u00fcnstlerischen Wert besitzen. In der Karwoche werden viele dieser Kunstwerke, insbesondere die Statuen, aus den Kirchen getragen, f\u00fcr die Prozession in der N\u00e4he der Kathedrale, und l\u00e4dt die Zuschauer zum Staunen ein, wenn sie diese Kunstwerke und die jahrhundertealte Tradition betrachten. Die Bewohner von Badajoz erwarten mit\u00a0 besonderer Spannung den Moment, wenn die Schutzpatronin von Badajoz aus ihrem Schrein genommen wird und in einer Prozession um die Plaza de la Soledad getragen wird.<\/p>\n<p><a href=\"https:\/\/www.hispanorama-tours.com\/wp-content\/uploads\/2018\/03\/SSExtremaduraBadajoz.jpg\"><img loading=\"lazy\" decoding=\"async\" class=\"aligncenter size-full wp-image-8224\" src=\"https:\/\/www.hispanorama-tours.com\/wp-content\/uploads\/2018\/03\/SSExtremaduraBadajoz.jpg\" alt=\"SSExtremaduraBadajoz\" width=\"640\" height=\"427\" srcset=\"https:\/\/www.hispanorama-tours.com\/wp-content\/uploads\/2018\/03\/SSExtremaduraBadajoz.jpg 640w, https:\/\/www.hispanorama-tours.com\/wp-content\/uploads\/2018\/03\/SSExtremaduraBadajoz-300x200.jpg 300w, https:\/\/www.hispanorama-tours.com\/wp-content\/uploads\/2018\/03\/SSExtremaduraBadajoz-195x130.jpg 195w\" sizes=\"(max-width: 640px) 100vw, 640px\" \/><\/a><\/p>\n<p><a href=\"https:\/\/www.hispanorama-tours.com\/wp-content\/uploads\/2018\/03\/SSExtremaduraBadajoz2.jpg\"><img loading=\"lazy\" decoding=\"async\" class=\"aligncenter size-full wp-image-8225\" src=\"https:\/\/www.hispanorama-tours.com\/wp-content\/uploads\/2018\/03\/SSExtremaduraBadajoz2.jpg\" alt=\"SSExtremaduraBadajoz2\" width=\"640\" height=\"427\" srcset=\"https:\/\/www.hispanorama-tours.com\/wp-content\/uploads\/2018\/03\/SSExtremaduraBadajoz2.jpg 640w, https:\/\/www.hispanorama-tours.com\/wp-content\/uploads\/2018\/03\/SSExtremaduraBadajoz2-300x200.jpg 300w, https:\/\/www.hispanorama-tours.com\/wp-content\/uploads\/2018\/03\/SSExtremaduraBadajoz2-195x130.jpg 195w\" sizes=\"(max-width: 640px) 100vw, 640px\" \/><\/a><\/p>\n<p><strong>Ihre Ostertour in Extremadura<\/strong><\/p>\n<p>Dies sind nur einige der H\u00f6hepunkte der Karwoche in Extremadura \u2013 wir k\u00f6nnen Ihnen dabei helfen, eine perfekt auf Ihre Gruppe zugeschnittene Route zusammenzustellen. Wir k\u00f6nnen Sie auch dabei unterst\u00fctzen, dass Sie das Beste aus Ihrer Zeit in Extremadura herausholen, eine Region, die viel zu bieten hat, K\u00fcche, Kultur, Natursch\u00f6nheiten und vieles mehr. Fragen Sie noch heute bei uns an, um Ihre Route zu planen!<\/p>\n<p>&nbsp;<\/p>\n<p>\u00a9 Fotos von <a href=\"http:\/\/www.turismoextremadura.com\" target=\"_blank\">Turismo Extremadura<\/a><\/p>\n","protected":false},"excerpt":{"rendered":"<p>Die Karwoche in Extremadura In der Semana Santa (der Kar- oder Osterwoche) zeigt Spanien ein v\u00f6llig anderes Gesicht, mit Feiern und Prozessionen gro\u00dfer Intensit\u00e4t und voller Emotionen. In den Stra\u00dfen sind Tag und Nacht unheimliche d\u00fcstere Trommeln zu h\u00f6ren, es gibt Unmengen bunter Blumen, jahrhundertalte religi\u00f6se Statuen und eine einzigartige Atmosph\u00e4re. Andalusien ist ganz eindeutig [&hellip;]<\/p>\n","protected":false},"author":1,"featured_media":11419,"comment_status":"closed","ping_status":"open","sticky":false,"template":"","format":"standard","meta":{"_et_pb_use_builder":"","_et_pb_old_content":"","_et_gb_content_width":"","inline_featured_image":false,"footnotes":""},"categories":[775],"tags":[883,4736],"class_list":["post-11417","post","type-post","status-publish","format-standard","has-post-thumbnail","hentry","category-extremadura","tag-badajoz-de_ch","tag-dmc-spanien-incentives-de_ch"],"yoast_head":"<!-- This site is optimized with the Yoast SEO plugin v26.9 - https:\/\/yoast.com\/product\/yoast-seo-wordpress\/ -->\n<title>Die Karwoche in Extremadura - DMC Spanien<\/title>\n<meta name=\"robots\" content=\"index, follow, max-snippet:-1, max-image-preview:large, max-video-preview:-1\" \/>\n<link rel=\"canonical\" href=\"https:\/\/www.hispanorama-tours.com\/de_ch\/dmc-fuer-spanien-blog\/extremadura\/die-karwoche-in-extremadura\/\" \/>\n<meta property=\"og:locale\" content=\"de_DE\" \/>\n<meta property=\"og:type\" content=\"article\" \/>\n<meta property=\"og:title\" content=\"Die Karwoche in Extremadura - DMC Spanien\" \/>\n<meta property=\"og:description\" content=\"Die Karwoche in Extremadura In der Semana Santa (der Kar- oder Osterwoche) zeigt Spanien ein v\u00f6llig anderes Gesicht, mit Feiern und Prozessionen gro\u00dfer Intensit\u00e4t und voller Emotionen. In den Stra\u00dfen sind Tag und Nacht unheimliche d\u00fcstere Trommeln zu h\u00f6ren, es gibt Unmengen bunter Blumen, jahrhundertalte religi\u00f6se Statuen und eine einzigartige Atmosph\u00e4re. Andalusien ist ganz eindeutig [&hellip;]\" \/>\n<meta property=\"og:url\" content=\"https:\/\/www.hispanorama-tours.com\/de_ch\/dmc-fuer-spanien-blog\/extremadura\/die-karwoche-in-extremadura\/\" \/>\n<meta property=\"og:site_name\" content=\"DMC Spanien\" \/>\n<meta property=\"article:publisher\" content=\"https:\/\/www.facebook.com\/HispanoramaTours\/\" \/>\n<meta property=\"article:published_time\" content=\"2018-03-28T09:00:05+00:00\" \/>\n<meta property=\"article:modified_time\" content=\"2019-01-15T10:12:05+00:00\" \/>\n<meta property=\"og:image\" content=\"https:\/\/www.hispanorama-tours.com\/wp-content\/uploads\/2018\/03\/SSExtremaduraMerida3.jpg\" \/>\n\t<meta property=\"og:image:width\" content=\"640\" \/>\n\t<meta property=\"og:image:height\" content=\"426\" \/>\n\t<meta property=\"og:image:type\" content=\"image\/jpeg\" \/>\n<meta name=\"author\" content=\"Katharina Giesler\" \/>\n<meta name=\"twitter:card\" content=\"summary_large_image\" \/>\n<meta name=\"twitter:creator\" content=\"@HispanoramaMAD\" \/>\n<meta name=\"twitter:site\" content=\"@HispanoramaMAD\" \/>\n<meta name=\"twitter:label1\" content=\"Geschrieben von\" \/>\n\t<meta name=\"twitter:data1\" content=\"Katharina Giesler\" \/>\n\t<meta name=\"twitter:label2\" content=\"Gesch\u00e4tzte Lesezeit\" \/>\n\t<meta name=\"twitter:data2\" content=\"3\u00a0Minuten\" \/>\n<script type=\"application\/ld+json\" class=\"yoast-schema-graph\">{\"@context\":\"https:\/\/schema.org\",\"@graph\":[{\"@type\":\"Article\",\"@id\":\"https:\/\/www.hispanorama-tours.com\/de_ch\/dmc-fuer-spanien-blog\/extremadura\/die-karwoche-in-extremadura\/#article\",\"isPartOf\":{\"@id\":\"https:\/\/www.hispanorama-tours.com\/de_ch\/dmc-fuer-spanien-blog\/extremadura\/die-karwoche-in-extremadura\/\"},\"author\":{\"name\":\"Katharina Giesler\",\"@id\":\"https:\/\/www.hispanorama-tours.com\/de_ch\/#\/schema\/person\/c57da6219d5c7903e17593ea214d1766\"},\"headline\":\"Die Karwoche in Extremadura\",\"datePublished\":\"2018-03-28T09:00:05+00:00\",\"dateModified\":\"2019-01-15T10:12:05+00:00\",\"mainEntityOfPage\":{\"@id\":\"https:\/\/www.hispanorama-tours.com\/de_ch\/dmc-fuer-spanien-blog\/extremadura\/die-karwoche-in-extremadura\/\"},\"wordCount\":571,\"publisher\":{\"@id\":\"https:\/\/www.hispanorama-tours.com\/de_ch\/#organization\"},\"image\":{\"@id\":\"https:\/\/www.hispanorama-tours.com\/de_ch\/dmc-fuer-spanien-blog\/extremadura\/die-karwoche-in-extremadura\/#primaryimage\"},\"thumbnailUrl\":\"https:\/\/www.hispanorama-tours.com\/wp-content\/uploads\/2018\/03\/SSExtremaduraMerida3.jpg\",\"keywords\":[\"Badajoz\",\"dmc spanien incentives\"],\"articleSection\":[\"Extremadura\"],\"inLanguage\":\"de-CH\"},{\"@type\":\"WebPage\",\"@id\":\"https:\/\/www.hispanorama-tours.com\/de_ch\/dmc-fuer-spanien-blog\/extremadura\/die-karwoche-in-extremadura\/\",\"url\":\"https:\/\/www.hispanorama-tours.com\/de_ch\/dmc-fuer-spanien-blog\/extremadura\/die-karwoche-in-extremadura\/\",\"name\":\"Die Karwoche in Extremadura - DMC Spanien\",\"isPartOf\":{\"@id\":\"https:\/\/www.hispanorama-tours.com\/de_ch\/#website\"},\"primaryImageOfPage\":{\"@id\":\"https:\/\/www.hispanorama-tours.com\/de_ch\/dmc-fuer-spanien-blog\/extremadura\/die-karwoche-in-extremadura\/#primaryimage\"},\"image\":{\"@id\":\"https:\/\/www.hispanorama-tours.com\/de_ch\/dmc-fuer-spanien-blog\/extremadura\/die-karwoche-in-extremadura\/#primaryimage\"},\"thumbnailUrl\":\"https:\/\/www.hispanorama-tours.com\/wp-content\/uploads\/2018\/03\/SSExtremaduraMerida3.jpg\",\"datePublished\":\"2018-03-28T09:00:05+00:00\",\"dateModified\":\"2019-01-15T10:12:05+00:00\",\"breadcrumb\":{\"@id\":\"https:\/\/www.hispanorama-tours.com\/de_ch\/dmc-fuer-spanien-blog\/extremadura\/die-karwoche-in-extremadura\/#breadcrumb\"},\"inLanguage\":\"de-CH\",\"potentialAction\":[{\"@type\":\"ReadAction\",\"target\":[\"https:\/\/www.hispanorama-tours.com\/de_ch\/dmc-fuer-spanien-blog\/extremadura\/die-karwoche-in-extremadura\/\"]}]},{\"@type\":\"ImageObject\",\"inLanguage\":\"de-CH\",\"@id\":\"https:\/\/www.hispanorama-tours.com\/de_ch\/dmc-fuer-spanien-blog\/extremadura\/die-karwoche-in-extremadura\/#primaryimage\",\"url\":\"https:\/\/www.hispanorama-tours.com\/wp-content\/uploads\/2018\/03\/SSExtremaduraMerida3.jpg\",\"contentUrl\":\"https:\/\/www.hispanorama-tours.com\/wp-content\/uploads\/2018\/03\/SSExtremaduraMerida3.jpg\",\"width\":640,\"height\":426},{\"@type\":\"BreadcrumbList\",\"@id\":\"https:\/\/www.hispanorama-tours.com\/de_ch\/dmc-fuer-spanien-blog\/extremadura\/die-karwoche-in-extremadura\/#breadcrumb\",\"itemListElement\":[{\"@type\":\"ListItem\",\"position\":1,\"name\":\"Home\",\"item\":\"https:\/\/www.hispanorama-tours.com\/de_ch\/\"},{\"@type\":\"ListItem\",\"position\":2,\"name\":\"Die Karwoche in Extremadura\"}]},{\"@type\":\"WebSite\",\"@id\":\"https:\/\/www.hispanorama-tours.com\/de_ch\/#website\",\"url\":\"https:\/\/www.hispanorama-tours.com\/de_ch\/\",\"name\":\"DMC Spanien\",\"description\":\"Destination Management Company (DMC) in Spanien\",\"publisher\":{\"@id\":\"https:\/\/www.hispanorama-tours.com\/de_ch\/#organization\"},\"potentialAction\":[{\"@type\":\"SearchAction\",\"target\":{\"@type\":\"EntryPoint\",\"urlTemplate\":\"https:\/\/www.hispanorama-tours.com\/de_ch\/?s={search_term_string}\"},\"query-input\":{\"@type\":\"PropertyValueSpecification\",\"valueRequired\":true,\"valueName\":\"search_term_string\"}}],\"inLanguage\":\"de-CH\"},{\"@type\":\"Organization\",\"@id\":\"https:\/\/www.hispanorama-tours.com\/de_ch\/#organization\",\"name\":\"DMC for Spain Hispanorama tours & incentives\",\"url\":\"https:\/\/www.hispanorama-tours.com\/de_ch\/\",\"logo\":{\"@type\":\"ImageObject\",\"inLanguage\":\"de-CH\",\"@id\":\"https:\/\/www.hispanorama-tours.com\/de_ch\/#\/schema\/logo\/image\/\",\"url\":\"https:\/\/www.hispanorama-tours.com\/wp-content\/uploads\/2018\/06\/logo_hispanorama_tours_and_incentives3-1.png\",\"contentUrl\":\"https:\/\/www.hispanorama-tours.com\/wp-content\/uploads\/2018\/06\/logo_hispanorama_tours_and_incentives3-1.png\",\"width\":185,\"height\":120,\"caption\":\"DMC for Spain Hispanorama tours & incentives\"},\"image\":{\"@id\":\"https:\/\/www.hispanorama-tours.com\/de_ch\/#\/schema\/logo\/image\/\"},\"sameAs\":[\"https:\/\/www.facebook.com\/HispanoramaTours\/\",\"https:\/\/x.com\/HispanoramaMAD\",\"https:\/\/www.linkedin.com\/company\/hispanorama-tours-&amp;-incentives\/\"]},{\"@type\":\"Person\",\"@id\":\"https:\/\/www.hispanorama-tours.com\/de_ch\/#\/schema\/person\/c57da6219d5c7903e17593ea214d1766\",\"name\":\"Katharina Giesler\"}]}<\/script>\n<!-- \/ Yoast SEO plugin. -->","yoast_head_json":{"title":"Die Karwoche in Extremadura - DMC Spanien","robots":{"index":"index","follow":"follow","max-snippet":"max-snippet:-1","max-image-preview":"max-image-preview:large","max-video-preview":"max-video-preview:-1"},"canonical":"https:\/\/www.hispanorama-tours.com\/de_ch\/dmc-fuer-spanien-blog\/extremadura\/die-karwoche-in-extremadura\/","og_locale":"de_DE","og_type":"article","og_title":"Die Karwoche in Extremadura - DMC Spanien","og_description":"Die Karwoche in Extremadura In der Semana Santa (der Kar- oder Osterwoche) zeigt Spanien ein v\u00f6llig anderes Gesicht, mit Feiern und Prozessionen gro\u00dfer Intensit\u00e4t und voller Emotionen. In den Stra\u00dfen sind Tag und Nacht unheimliche d\u00fcstere Trommeln zu h\u00f6ren, es gibt Unmengen bunter Blumen, jahrhundertalte religi\u00f6se Statuen und eine einzigartige Atmosph\u00e4re. Andalusien ist ganz eindeutig [&hellip;]","og_url":"https:\/\/www.hispanorama-tours.com\/de_ch\/dmc-fuer-spanien-blog\/extremadura\/die-karwoche-in-extremadura\/","og_site_name":"DMC Spanien","article_publisher":"https:\/\/www.facebook.com\/HispanoramaTours\/","article_published_time":"2018-03-28T09:00:05+00:00","article_modified_time":"2019-01-15T10:12:05+00:00","og_image":[{"width":640,"height":426,"url":"https:\/\/www.hispanorama-tours.com\/wp-content\/uploads\/2018\/03\/SSExtremaduraMerida3.jpg","type":"image\/jpeg"}],"author":"Katharina Giesler","twitter_card":"summary_large_image","twitter_creator":"@HispanoramaMAD","twitter_site":"@HispanoramaMAD","twitter_misc":{"Geschrieben von":"Katharina Giesler","Gesch\u00e4tzte Lesezeit":"3\u00a0Minuten"},"schema":{"@context":"https:\/\/schema.org","@graph":[{"@type":"Article","@id":"https:\/\/www.hispanorama-tours.com\/de_ch\/dmc-fuer-spanien-blog\/extremadura\/die-karwoche-in-extremadura\/#article","isPartOf":{"@id":"https:\/\/www.hispanorama-tours.com\/de_ch\/dmc-fuer-spanien-blog\/extremadura\/die-karwoche-in-extremadura\/"},"author":{"name":"Katharina Giesler","@id":"https:\/\/www.hispanorama-tours.com\/de_ch\/#\/schema\/person\/c57da6219d5c7903e17593ea214d1766"},"headline":"Die Karwoche in Extremadura","datePublished":"2018-03-28T09:00:05+00:00","dateModified":"2019-01-15T10:12:05+00:00","mainEntityOfPage":{"@id":"https:\/\/www.hispanorama-tours.com\/de_ch\/dmc-fuer-spanien-blog\/extremadura\/die-karwoche-in-extremadura\/"},"wordCount":571,"publisher":{"@id":"https:\/\/www.hispanorama-tours.com\/de_ch\/#organization"},"image":{"@id":"https:\/\/www.hispanorama-tours.com\/de_ch\/dmc-fuer-spanien-blog\/extremadura\/die-karwoche-in-extremadura\/#primaryimage"},"thumbnailUrl":"https:\/\/www.hispanorama-tours.com\/wp-content\/uploads\/2018\/03\/SSExtremaduraMerida3.jpg","keywords":["Badajoz","dmc spanien incentives"],"articleSection":["Extremadura"],"inLanguage":"de-CH"},{"@type":"WebPage","@id":"https:\/\/www.hispanorama-tours.com\/de_ch\/dmc-fuer-spanien-blog\/extremadura\/die-karwoche-in-extremadura\/","url":"https:\/\/www.hispanorama-tours.com\/de_ch\/dmc-fuer-spanien-blog\/extremadura\/die-karwoche-in-extremadura\/","name":"Die Karwoche in Extremadura - DMC Spanien","isPartOf":{"@id":"https:\/\/www.hispanorama-tours.com\/de_ch\/#website"},"primaryImageOfPage":{"@id":"https:\/\/www.hispanorama-tours.com\/de_ch\/dmc-fuer-spanien-blog\/extremadura\/die-karwoche-in-extremadura\/#primaryimage"},"image":{"@id":"https:\/\/www.hispanorama-tours.com\/de_ch\/dmc-fuer-spanien-blog\/extremadura\/die-karwoche-in-extremadura\/#primaryimage"},"thumbnailUrl":"https:\/\/www.hispanorama-tours.com\/wp-content\/uploads\/2018\/03\/SSExtremaduraMerida3.jpg","datePublished":"2018-03-28T09:00:05+00:00","dateModified":"2019-01-15T10:12:05+00:00","breadcrumb":{"@id":"https:\/\/www.hispanorama-tours.com\/de_ch\/dmc-fuer-spanien-blog\/extremadura\/die-karwoche-in-extremadura\/#breadcrumb"},"inLanguage":"de-CH","potentialAction":[{"@type":"ReadAction","target":["https:\/\/www.hispanorama-tours.com\/de_ch\/dmc-fuer-spanien-blog\/extremadura\/die-karwoche-in-extremadura\/"]}]},{"@type":"ImageObject","inLanguage":"de-CH","@id":"https:\/\/www.hispanorama-tours.com\/de_ch\/dmc-fuer-spanien-blog\/extremadura\/die-karwoche-in-extremadura\/#primaryimage","url":"https:\/\/www.hispanorama-tours.com\/wp-content\/uploads\/2018\/03\/SSExtremaduraMerida3.jpg","contentUrl":"https:\/\/www.hispanorama-tours.com\/wp-content\/uploads\/2018\/03\/SSExtremaduraMerida3.jpg","width":640,"height":426},{"@type":"BreadcrumbList","@id":"https:\/\/www.hispanorama-tours.com\/de_ch\/dmc-fuer-spanien-blog\/extremadura\/die-karwoche-in-extremadura\/#breadcrumb","itemListElement":[{"@type":"ListItem","position":1,"name":"Home","item":"https:\/\/www.hispanorama-tours.com\/de_ch\/"},{"@type":"ListItem","position":2,"name":"Die Karwoche in Extremadura"}]},{"@type":"WebSite","@id":"https:\/\/www.hispanorama-tours.com\/de_ch\/#website","url":"https:\/\/www.hispanorama-tours.com\/de_ch\/","name":"DMC Spanien","description":"Destination Management Company (DMC) in Spanien","publisher":{"@id":"https:\/\/www.hispanorama-tours.com\/de_ch\/#organization"},"potentialAction":[{"@type":"SearchAction","target":{"@type":"EntryPoint","urlTemplate":"https:\/\/www.hispanorama-tours.com\/de_ch\/?s={search_term_string}"},"query-input":{"@type":"PropertyValueSpecification","valueRequired":true,"valueName":"search_term_string"}}],"inLanguage":"de-CH"},{"@type":"Organization","@id":"https:\/\/www.hispanorama-tours.com\/de_ch\/#organization","name":"DMC for Spain Hispanorama tours & incentives","url":"https:\/\/www.hispanorama-tours.com\/de_ch\/","logo":{"@type":"ImageObject","inLanguage":"de-CH","@id":"https:\/\/www.hispanorama-tours.com\/de_ch\/#\/schema\/logo\/image\/","url":"https:\/\/www.hispanorama-tours.com\/wp-content\/uploads\/2018\/06\/logo_hispanorama_tours_and_incentives3-1.png","contentUrl":"https:\/\/www.hispanorama-tours.com\/wp-content\/uploads\/2018\/06\/logo_hispanorama_tours_and_incentives3-1.png","width":185,"height":120,"caption":"DMC for Spain Hispanorama tours & incentives"},"image":{"@id":"https:\/\/www.hispanorama-tours.com\/de_ch\/#\/schema\/logo\/image\/"},"sameAs":["https:\/\/www.facebook.com\/HispanoramaTours\/","https:\/\/x.com\/HispanoramaMAD","https:\/\/www.linkedin.com\/company\/hispanorama-tours-&amp;-incentives\/"]},{"@type":"Person","@id":"https:\/\/www.hispanorama-tours.com\/de_ch\/#\/schema\/person\/c57da6219d5c7903e17593ea214d1766","name":"Katharina Giesler"}]}},"_links":{"self":[{"href":"https:\/\/www.hispanorama-tours.com\/de_ch\/wp-json\/wp\/v2\/posts\/11417","targetHints":{"allow":["GET"]}}],"collection":[{"href":"https:\/\/www.hispanorama-tours.com\/de_ch\/wp-json\/wp\/v2\/posts"}],"about":[{"href":"https:\/\/www.hispanorama-tours.com\/de_ch\/wp-json\/wp\/v2\/types\/post"}],"author":[{"embeddable":true,"href":"https:\/\/www.hispanorama-tours.com\/de_ch\/wp-json\/wp\/v2\/users\/1"}],"replies":[{"embeddable":true,"href":"https:\/\/www.hispanorama-tours.com\/de_ch\/wp-json\/wp\/v2\/comments?post=11417"}],"version-history":[{"count":0,"href":"https:\/\/www.hispanorama-tours.com\/de_ch\/wp-json\/wp\/v2\/posts\/11417\/revisions"}],"wp:featuredmedia":[{"embeddable":true,"href":"https:\/\/www.hispanorama-tours.com\/de_ch\/wp-json\/wp\/v2\/media\/11419"}],"wp:attachment":[{"href":"https:\/\/www.hispanorama-tours.com\/de_ch\/wp-json\/wp\/v2\/media?parent=11417"}],"wp:term":[{"taxonomy":"category","embeddable":true,"href":"https:\/\/www.hispanorama-tours.com\/de_ch\/wp-json\/wp\/v2\/categories?post=11417"},{"taxonomy":"post_tag","embeddable":true,"href":"https:\/\/www.hispanorama-tours.com\/de_ch\/wp-json\/wp\/v2\/tags?post=11417"}],"curies":[{"name":"wp","href":"https:\/\/api.w.org\/{rel}","templated":true}]}}