
{"id":26207,"date":"2020-01-15T11:00:44","date_gmt":"2020-01-15T10:00:44","guid":{"rendered":"https:\/\/www.hispanorama-tours.com\/?p=26207"},"modified":"2020-01-15T11:01:20","modified_gmt":"2020-01-15T10:01:20","slug":"unesco-weltkulturerbe-die-architektur-von-gaudi","status":"publish","type":"post","link":"https:\/\/www.hispanorama-tours.com\/de_at\/dmc-fuer-spanien-blog\/katalonien\/unesco-weltkulturerbe-die-architektur-von-gaudi\/","title":{"rendered":"UNESCO Weltkulturerbe: Die Architektur von Gaudi"},"content":{"rendered":"<p>Wenn es einen Mann gibt, der die Optik von Barcelona bestimmt, dann ist es der Architekt Antoni Gaudi. Ein wahrer Jugendstil-K\u00fcnstler, der auch viele andere mit seiner M\u00e4rchenwelt an runden Formen und strahlenden Farben inspiriert hat. In der Tat wurden einiger seiner Werke von der UNESCO zum Weltkulturerbe deklariert. Man kann Gaudis Werke in Kantabrien und auch in Kastilien und Le\u00f3n sehen, doch in Katalonien hat er sein gr\u00f6\u00dftes Zeichen hinterlassen, um genauer zu sein, vor allem in Barcelona. Dies sind die sieben Werke, die zum Welt-Kulturerbe benannt wurden:<\/p>\n<p><strong>Casa Batll\u00f3<\/strong><\/p>\n<p>Obwohl Casa Batll\u00f3 eher eine Renovierungsarbeit, als ein Originalbau ist, ist es zu einem von Gaudis bekanntesten Projekten geworden. Die Fassade des Geb\u00e4udes hat die Form vertikaler Wellen mit ausgebleichten Farben und mit Keramikmosaik bedeckt. Die Sch\u00f6nheit von Casa Batll\u00f3 und seine prestigetr\u00e4chtige Lage in einer exklusiven Zone von Barcelona, haben es zu eines von Gaudis meist bestaunten Werken gemacht.<\/p>\n<p><img loading=\"lazy\" decoding=\"async\" class=\"alignnone size-full wp-image-26129\" src=\"https:\/\/www.hispanorama-tours.com\/wp-content\/uploads\/2019\/12\/Casa-Batllo-blog.jpg\" alt=\"\" width=\"640\" height=\"853\" srcset=\"https:\/\/www.hispanorama-tours.com\/wp-content\/uploads\/2019\/12\/Casa-Batllo-blog.jpg 640w, https:\/\/www.hispanorama-tours.com\/wp-content\/uploads\/2019\/12\/Casa-Batllo-blog-225x300.jpg 225w\" sizes=\"(max-width: 640px) 100vw, 640px\" \/><\/p>\n<p><strong>Parc G\u00fcell<\/strong><\/p>\n<p>Der Parc G\u00fcell ist eine ikonische Gaudi-Sehensw\u00fcrdigkeit. Es ist kein Geb\u00e4ude, sondern ein gr\u00fcner Park mitten in der Stadt, wo der unverwechselbare Stil des K\u00fcnstlers den Grund in ein Wunderland verwandelt hat. Seine Magie ist durch den ganzen Park sichtbar, von den B\u00e4nken angefangen bis hin zu den Portalen. Von 1900 bis 1914 gebaut, breitet er sich von der Zentralterrasse weg aus. Es sollte eigentlich eine exklusive Wohnh\u00e4usergemeinschaft werden, doch das Projekt schlug fehl und der Park wurde der \u00d6ffentlichkeit zug\u00e4ngig gemacht.<\/p>\n<p><img loading=\"lazy\" decoding=\"async\" class=\"alignnone size-full wp-image-26119\" src=\"https:\/\/www.hispanorama-tours.com\/wp-content\/uploads\/2019\/12\/MG_2390-trat-bres.jpg\" alt=\"\" width=\"640\" height=\"427\" srcset=\"https:\/\/www.hispanorama-tours.com\/wp-content\/uploads\/2019\/12\/MG_2390-trat-bres.jpg 640w, https:\/\/www.hispanorama-tours.com\/wp-content\/uploads\/2019\/12\/MG_2390-trat-bres-300x200.jpg 300w\" sizes=\"(max-width: 640px) 100vw, 640px\" \/><\/p>\n<p><strong>Palau G\u00fcell<\/strong><\/p>\n<p>Zwischen 1886 und 1890 gebaut, wurde der Palau G\u00fcell f\u00fcr Gaudis Chef Eusebi G\u00fcell konzipiert und befindet sich im Herzen des historischen Zentrums. Als er gebaut wurde, war der Palau G\u00fcell einer der luxuri\u00f6sesten Geb\u00e4ude in Barcelona. Dieses Werk reflektiert Gaudis orientalistische Periode, welche stark von der Architektur des Mittleren Ostens und der Mauren beeinflusst wurde.<\/p>\n<p><img loading=\"lazy\" decoding=\"async\" class=\"alignnone size-full wp-image-26182\" src=\"https:\/\/www.hispanorama-tours.com\/wp-content\/uploads\/2020\/01\/Palau-Guell.jpg\" alt=\"\" width=\"640\" height=\"320\" srcset=\"https:\/\/www.hispanorama-tours.com\/wp-content\/uploads\/2020\/01\/Palau-Guell.jpg 640w, https:\/\/www.hispanorama-tours.com\/wp-content\/uploads\/2020\/01\/Palau-Guell-300x150.jpg 300w\" sizes=\"(max-width: 640px) 100vw, 640px\" \/><\/p>\n<p><strong>Casa Mil\u00e0<\/strong><\/p>\n<p>Casa Mil\u00e0, auch als La Pedrera bekannt, ist ein pr\u00e4chtiges wei\u00dfes Geb\u00e4ude mit sinnlichen geschwungenen Linien die so typisch f\u00fcr Gaudis Stil sind und das Geb\u00e4ude zum Leben zu erwecken scheinen. F\u00fcr viele Menschen ist dies das fantasievollste und kreativste Werk des K\u00fcnstlers. Dieses Geb\u00e4ude wurde von der Mil\u00e0 Familie in Auftrag gegeben, nachdem das Casa Batll\u00f3 so erfolgreich war.<\/p>\n<p><img loading=\"lazy\" decoding=\"async\" class=\"alignnone size-full wp-image-26159\" src=\"https:\/\/www.hispanorama-tours.com\/wp-content\/uploads\/2019\/12\/gaudi-1285294_1280-bres.jpg\" alt=\"\" width=\"640\" height=\"428\" srcset=\"https:\/\/www.hispanorama-tours.com\/wp-content\/uploads\/2019\/12\/gaudi-1285294_1280-bres.jpg 640w, https:\/\/www.hispanorama-tours.com\/wp-content\/uploads\/2019\/12\/gaudi-1285294_1280-bres-300x201.jpg 300w\" sizes=\"(max-width: 640px) 100vw, 640px\" \/><\/p>\n<p><strong>La Sagrada Familia<\/strong><\/p>\n<p>La Sagrada Familia Kathedrale mag Barcelonas ber\u00fchmtestes Monument sein und Gaudi spielte eine Schl\u00fcsselrolle in seiner Erschaffung. Er war nicht der urspr\u00fcngliche Architekt des Geb\u00e4udes- er \u00fcbernahm es von Francisco de Paula nach dessen Tod- und er war auch nicht der Letzte. Gaudi selbst starb noch w\u00e4hrend des Baus und andere haben weiter gemacht. Tat ist, man hat schon \u00fcber 130 Jahre an der Sagrada Familia gebaut und sie ist immer noch nicht fertig!<\/p>\n<p><img loading=\"lazy\" decoding=\"async\" class=\"alignnone size-full wp-image-26169\" src=\"https:\/\/www.hispanorama-tours.com\/wp-content\/uploads\/2019\/12\/Safa_bres.jpg\" alt=\"\" width=\"640\" height=\"960\" srcset=\"https:\/\/www.hispanorama-tours.com\/wp-content\/uploads\/2019\/12\/Safa_bres.jpg 640w, https:\/\/www.hispanorama-tours.com\/wp-content\/uploads\/2019\/12\/Safa_bres-200x300.jpg 200w\" sizes=\"(max-width: 640px) 100vw, 640px\" \/><\/p>\n<p><strong>Casa Vicens<\/strong><\/p>\n<p>Casa Vicens war Gaud\u00eds erstes Privathaus, welches f\u00fcr den Industriellen Manuel Vicens i Montaner als Sommerresidenz mit Garten und Brunnen, gebaut wurde. Casa Vicens ist eines der weniger bekannten Gaudi-Projekte, obwohl es das Lieblingswerk vieler Leute ist, die das orientalistische Gef\u00fchl des Geb\u00e4udes sch\u00e4tzen.<\/p>\n<p><img loading=\"lazy\" decoding=\"async\" class=\"alignnone size-full wp-image-8254\" src=\"https:\/\/www.hispanorama-tours.com\/wp-content\/uploads\/2018\/04\/casavicens.jpg\" alt=\"\" width=\"640\" height=\"336\" srcset=\"https:\/\/www.hispanorama-tours.com\/wp-content\/uploads\/2018\/04\/casavicens.jpg 640w, https:\/\/www.hispanorama-tours.com\/wp-content\/uploads\/2018\/04\/casavicens-300x158.jpg 300w\" sizes=\"(max-width: 640px) 100vw, 640px\" \/><\/p>\n<p><strong>Krypta in der Colonia<\/strong> <strong>G\u00fcell<\/strong><\/p>\n<p>Au\u00dferhalb Barcelonas, im Dorf Santa Coloma de Cervello gelegen, stellte die Krypta in der Colonia G\u00fcell das Versuchskaninchen f\u00fcr die Arbeiten dar, die an der Sagrada Familia vorgenommen wurden. F\u00fcr Gaudi war sie auch ein Ingenieurs-Experiment- zum ersten Mal benutzte er parabolische B\u00f6gen, katalanische Gew\u00f6lbe und ein revolution\u00e4res Tragsystem.<\/p>\n<p><img loading=\"lazy\" decoding=\"async\" class=\"alignnone size-full wp-image-26139\" src=\"https:\/\/www.hispanorama-tours.com\/wp-content\/uploads\/2019\/12\/CryptaGuell_bres.jpg\" alt=\"\" width=\"640\" height=\"405\" srcset=\"https:\/\/www.hispanorama-tours.com\/wp-content\/uploads\/2019\/12\/CryptaGuell_bres.jpg 640w, https:\/\/www.hispanorama-tours.com\/wp-content\/uploads\/2019\/12\/CryptaGuell_bres-300x190.jpg 300w\" sizes=\"(max-width: 640px) 100vw, 640px\" \/><\/p>\n<p><strong>Gaudi auf Ihrer Reise nach Barcelona<\/strong><\/p>\n<p>Die Gaudi-Werke zu sehen wird ein Highlight Ihrer Gruppenreise nach Barcelona sein, und wir helfen Ihnen dabei sie noch spezieller zu machen. Von der Organisation einer gef\u00fchrten Tour bis hin zur perfekten Unterkunft oder kulinarischem Genuss, wir k\u00fcmmern uns um jedes Detail! Kontaktieren Sie uns, damit wir Ihr Programm gestalten!<\/p>\n<p>&nbsp;<\/p>\n","protected":false},"excerpt":{"rendered":"<p>Wenn es einen Mann gibt, der die Optik von Barcelona bestimmt, dann ist es der Architekt Antoni Gaudi. Ein wahrer Jugendstil-K\u00fcnstler, der auch viele andere mit seiner M\u00e4rchenwelt an runden Formen und strahlenden Farben inspiriert hat. In der Tat wurden einiger seiner Werke von der UNESCO zum Weltkulturerbe deklariert. Man kann Gaudis Werke in Kantabrien [&hellip;]<\/p>\n","protected":false},"author":1,"featured_media":26150,"comment_status":"open","ping_status":"open","sticky":false,"template":"","format":"standard","meta":{"_et_pb_use_builder":"","_et_pb_old_content":"","_et_gb_content_width":"","inline_featured_image":false,"footnotes":""},"categories":[771],"tags":[840,5712],"class_list":["post-26207","post","type-post","status-publish","format-standard","has-post-thumbnail","hentry","category-katalonien","tag-architektur-de_at","tag-colonia-guell-de_at"],"yoast_head":"<!-- This site is optimized with the Yoast SEO plugin v26.9 - https:\/\/yoast.com\/product\/yoast-seo-wordpress\/ -->\n<title>UNESCO Weltkulturerbe: Die Architektur von Gaudi - DMC Spanien<\/title>\n<meta name=\"robots\" content=\"index, follow, max-snippet:-1, max-image-preview:large, max-video-preview:-1\" \/>\n<link rel=\"canonical\" href=\"https:\/\/www.hispanorama-tours.com\/de_at\/dmc-fuer-spanien-blog\/katalonien\/unesco-weltkulturerbe-die-architektur-von-gaudi\/\" \/>\n<meta property=\"og:locale\" content=\"de_DE\" \/>\n<meta property=\"og:type\" content=\"article\" \/>\n<meta property=\"og:title\" content=\"UNESCO Weltkulturerbe: Die Architektur von Gaudi - DMC Spanien\" \/>\n<meta property=\"og:description\" content=\"Wenn es einen Mann gibt, der die Optik von Barcelona bestimmt, dann ist es der Architekt Antoni Gaudi. Ein wahrer Jugendstil-K\u00fcnstler, der auch viele andere mit seiner M\u00e4rchenwelt an runden Formen und strahlenden Farben inspiriert hat. In der Tat wurden einiger seiner Werke von der UNESCO zum Weltkulturerbe deklariert. Man kann Gaudis Werke in Kantabrien [&hellip;]\" \/>\n<meta property=\"og:url\" content=\"https:\/\/www.hispanorama-tours.com\/de_at\/dmc-fuer-spanien-blog\/katalonien\/unesco-weltkulturerbe-die-architektur-von-gaudi\/\" \/>\n<meta property=\"og:site_name\" content=\"DMC Spanien\" \/>\n<meta property=\"article:publisher\" content=\"https:\/\/www.facebook.com\/HispanoramaTours\/\" \/>\n<meta property=\"article:published_time\" content=\"2020-01-15T10:00:44+00:00\" \/>\n<meta property=\"article:modified_time\" content=\"2020-01-15T10:01:20+00:00\" \/>\n<meta property=\"og:image\" content=\"https:\/\/www.hispanorama-tours.com\/wp-content\/uploads\/2019\/12\/Gaudi_title.jpg\" \/>\n\t<meta property=\"og:image:width\" content=\"974\" \/>\n\t<meta property=\"og:image:height\" content=\"466\" \/>\n\t<meta property=\"og:image:type\" content=\"image\/jpeg\" \/>\n<meta name=\"author\" content=\"Katharina Giesler\" \/>\n<meta name=\"twitter:card\" content=\"summary_large_image\" \/>\n<meta name=\"twitter:creator\" content=\"@HispanoramaMAD\" \/>\n<meta name=\"twitter:site\" content=\"@HispanoramaMAD\" \/>\n<meta name=\"twitter:label1\" content=\"Verfasst von\" \/>\n\t<meta name=\"twitter:data1\" content=\"Katharina Giesler\" \/>\n\t<meta name=\"twitter:label2\" content=\"Gesch\u00e4tzte Lesezeit\" \/>\n\t<meta name=\"twitter:data2\" content=\"3 Minuten\" \/>\n<script type=\"application\/ld+json\" class=\"yoast-schema-graph\">{\"@context\":\"https:\/\/schema.org\",\"@graph\":[{\"@type\":\"Article\",\"@id\":\"https:\/\/www.hispanorama-tours.com\/de_at\/dmc-fuer-spanien-blog\/katalonien\/unesco-weltkulturerbe-die-architektur-von-gaudi\/#article\",\"isPartOf\":{\"@id\":\"https:\/\/www.hispanorama-tours.com\/de_at\/dmc-fuer-spanien-blog\/katalonien\/unesco-weltkulturerbe-die-architektur-von-gaudi\/\"},\"author\":{\"name\":\"Katharina Giesler\",\"@id\":\"https:\/\/www.hispanorama-tours.com\/de_at\/#\/schema\/person\/c57da6219d5c7903e17593ea214d1766\"},\"headline\":\"UNESCO Weltkulturerbe: Die Architektur von Gaudi\",\"datePublished\":\"2020-01-15T10:00:44+00:00\",\"dateModified\":\"2020-01-15T10:01:20+00:00\",\"mainEntityOfPage\":{\"@id\":\"https:\/\/www.hispanorama-tours.com\/de_at\/dmc-fuer-spanien-blog\/katalonien\/unesco-weltkulturerbe-die-architektur-von-gaudi\/\"},\"wordCount\":641,\"commentCount\":0,\"publisher\":{\"@id\":\"https:\/\/www.hispanorama-tours.com\/de_at\/#organization\"},\"image\":{\"@id\":\"https:\/\/www.hispanorama-tours.com\/de_at\/dmc-fuer-spanien-blog\/katalonien\/unesco-weltkulturerbe-die-architektur-von-gaudi\/#primaryimage\"},\"thumbnailUrl\":\"https:\/\/www.hispanorama-tours.com\/wp-content\/uploads\/2019\/12\/Gaudi_title.jpg\",\"keywords\":[\"Architektur\",\"Colonia Guell\"],\"articleSection\":[\"Katalonien\"],\"inLanguage\":\"de-AT\",\"potentialAction\":[{\"@type\":\"CommentAction\",\"name\":\"Comment\",\"target\":[\"https:\/\/www.hispanorama-tours.com\/de_at\/dmc-fuer-spanien-blog\/katalonien\/unesco-weltkulturerbe-die-architektur-von-gaudi\/#respond\"]}]},{\"@type\":\"WebPage\",\"@id\":\"https:\/\/www.hispanorama-tours.com\/de_at\/dmc-fuer-spanien-blog\/katalonien\/unesco-weltkulturerbe-die-architektur-von-gaudi\/\",\"url\":\"https:\/\/www.hispanorama-tours.com\/de_at\/dmc-fuer-spanien-blog\/katalonien\/unesco-weltkulturerbe-die-architektur-von-gaudi\/\",\"name\":\"UNESCO Weltkulturerbe: Die Architektur von Gaudi - DMC Spanien\",\"isPartOf\":{\"@id\":\"https:\/\/www.hispanorama-tours.com\/de_at\/#website\"},\"primaryImageOfPage\":{\"@id\":\"https:\/\/www.hispanorama-tours.com\/de_at\/dmc-fuer-spanien-blog\/katalonien\/unesco-weltkulturerbe-die-architektur-von-gaudi\/#primaryimage\"},\"image\":{\"@id\":\"https:\/\/www.hispanorama-tours.com\/de_at\/dmc-fuer-spanien-blog\/katalonien\/unesco-weltkulturerbe-die-architektur-von-gaudi\/#primaryimage\"},\"thumbnailUrl\":\"https:\/\/www.hispanorama-tours.com\/wp-content\/uploads\/2019\/12\/Gaudi_title.jpg\",\"datePublished\":\"2020-01-15T10:00:44+00:00\",\"dateModified\":\"2020-01-15T10:01:20+00:00\",\"breadcrumb\":{\"@id\":\"https:\/\/www.hispanorama-tours.com\/de_at\/dmc-fuer-spanien-blog\/katalonien\/unesco-weltkulturerbe-die-architektur-von-gaudi\/#breadcrumb\"},\"inLanguage\":\"de-AT\",\"potentialAction\":[{\"@type\":\"ReadAction\",\"target\":[\"https:\/\/www.hispanorama-tours.com\/de_at\/dmc-fuer-spanien-blog\/katalonien\/unesco-weltkulturerbe-die-architektur-von-gaudi\/\"]}]},{\"@type\":\"ImageObject\",\"inLanguage\":\"de-AT\",\"@id\":\"https:\/\/www.hispanorama-tours.com\/de_at\/dmc-fuer-spanien-blog\/katalonien\/unesco-weltkulturerbe-die-architektur-von-gaudi\/#primaryimage\",\"url\":\"https:\/\/www.hispanorama-tours.com\/wp-content\/uploads\/2019\/12\/Gaudi_title.jpg\",\"contentUrl\":\"https:\/\/www.hispanorama-tours.com\/wp-content\/uploads\/2019\/12\/Gaudi_title.jpg\",\"width\":974,\"height\":466},{\"@type\":\"BreadcrumbList\",\"@id\":\"https:\/\/www.hispanorama-tours.com\/de_at\/dmc-fuer-spanien-blog\/katalonien\/unesco-weltkulturerbe-die-architektur-von-gaudi\/#breadcrumb\",\"itemListElement\":[{\"@type\":\"ListItem\",\"position\":1,\"name\":\"Home\",\"item\":\"https:\/\/www.hispanorama-tours.com\/de_at\/\"},{\"@type\":\"ListItem\",\"position\":2,\"name\":\"UNESCO Weltkulturerbe: Die Architektur von Gaudi\"}]},{\"@type\":\"WebSite\",\"@id\":\"https:\/\/www.hispanorama-tours.com\/de_at\/#website\",\"url\":\"https:\/\/www.hispanorama-tours.com\/de_at\/\",\"name\":\"DMC Spanien\",\"description\":\"Destination Management Company (DMC) in Spanien\",\"publisher\":{\"@id\":\"https:\/\/www.hispanorama-tours.com\/de_at\/#organization\"},\"potentialAction\":[{\"@type\":\"SearchAction\",\"target\":{\"@type\":\"EntryPoint\",\"urlTemplate\":\"https:\/\/www.hispanorama-tours.com\/de_at\/?s={search_term_string}\"},\"query-input\":{\"@type\":\"PropertyValueSpecification\",\"valueRequired\":true,\"valueName\":\"search_term_string\"}}],\"inLanguage\":\"de-AT\"},{\"@type\":\"Organization\",\"@id\":\"https:\/\/www.hispanorama-tours.com\/de_at\/#organization\",\"name\":\"DMC for Spain Hispanorama tours & incentives\",\"url\":\"https:\/\/www.hispanorama-tours.com\/de_at\/\",\"logo\":{\"@type\":\"ImageObject\",\"inLanguage\":\"de-AT\",\"@id\":\"https:\/\/www.hispanorama-tours.com\/de_at\/#\/schema\/logo\/image\/\",\"url\":\"https:\/\/www.hispanorama-tours.com\/wp-content\/uploads\/2018\/06\/logo_hispanorama_tours_and_incentives3-1.png\",\"contentUrl\":\"https:\/\/www.hispanorama-tours.com\/wp-content\/uploads\/2018\/06\/logo_hispanorama_tours_and_incentives3-1.png\",\"width\":185,\"height\":120,\"caption\":\"DMC for Spain Hispanorama tours & incentives\"},\"image\":{\"@id\":\"https:\/\/www.hispanorama-tours.com\/de_at\/#\/schema\/logo\/image\/\"},\"sameAs\":[\"https:\/\/www.facebook.com\/HispanoramaTours\/\",\"https:\/\/x.com\/HispanoramaMAD\",\"https:\/\/www.linkedin.com\/company\/hispanorama-tours-&amp;-incentives\/\"]},{\"@type\":\"Person\",\"@id\":\"https:\/\/www.hispanorama-tours.com\/de_at\/#\/schema\/person\/c57da6219d5c7903e17593ea214d1766\",\"name\":\"Katharina Giesler\"}]}<\/script>\n<!-- \/ Yoast SEO plugin. -->","yoast_head_json":{"title":"UNESCO Weltkulturerbe: Die Architektur von Gaudi - DMC Spanien","robots":{"index":"index","follow":"follow","max-snippet":"max-snippet:-1","max-image-preview":"max-image-preview:large","max-video-preview":"max-video-preview:-1"},"canonical":"https:\/\/www.hispanorama-tours.com\/de_at\/dmc-fuer-spanien-blog\/katalonien\/unesco-weltkulturerbe-die-architektur-von-gaudi\/","og_locale":"de_DE","og_type":"article","og_title":"UNESCO Weltkulturerbe: Die Architektur von Gaudi - DMC Spanien","og_description":"Wenn es einen Mann gibt, der die Optik von Barcelona bestimmt, dann ist es der Architekt Antoni Gaudi. Ein wahrer Jugendstil-K\u00fcnstler, der auch viele andere mit seiner M\u00e4rchenwelt an runden Formen und strahlenden Farben inspiriert hat. In der Tat wurden einiger seiner Werke von der UNESCO zum Weltkulturerbe deklariert. Man kann Gaudis Werke in Kantabrien [&hellip;]","og_url":"https:\/\/www.hispanorama-tours.com\/de_at\/dmc-fuer-spanien-blog\/katalonien\/unesco-weltkulturerbe-die-architektur-von-gaudi\/","og_site_name":"DMC Spanien","article_publisher":"https:\/\/www.facebook.com\/HispanoramaTours\/","article_published_time":"2020-01-15T10:00:44+00:00","article_modified_time":"2020-01-15T10:01:20+00:00","og_image":[{"width":974,"height":466,"url":"https:\/\/www.hispanorama-tours.com\/wp-content\/uploads\/2019\/12\/Gaudi_title.jpg","type":"image\/jpeg"}],"author":"Katharina Giesler","twitter_card":"summary_large_image","twitter_creator":"@HispanoramaMAD","twitter_site":"@HispanoramaMAD","twitter_misc":{"Verfasst von":"Katharina Giesler","Gesch\u00e4tzte Lesezeit":"3 Minuten"},"schema":{"@context":"https:\/\/schema.org","@graph":[{"@type":"Article","@id":"https:\/\/www.hispanorama-tours.com\/de_at\/dmc-fuer-spanien-blog\/katalonien\/unesco-weltkulturerbe-die-architektur-von-gaudi\/#article","isPartOf":{"@id":"https:\/\/www.hispanorama-tours.com\/de_at\/dmc-fuer-spanien-blog\/katalonien\/unesco-weltkulturerbe-die-architektur-von-gaudi\/"},"author":{"name":"Katharina Giesler","@id":"https:\/\/www.hispanorama-tours.com\/de_at\/#\/schema\/person\/c57da6219d5c7903e17593ea214d1766"},"headline":"UNESCO Weltkulturerbe: Die Architektur von Gaudi","datePublished":"2020-01-15T10:00:44+00:00","dateModified":"2020-01-15T10:01:20+00:00","mainEntityOfPage":{"@id":"https:\/\/www.hispanorama-tours.com\/de_at\/dmc-fuer-spanien-blog\/katalonien\/unesco-weltkulturerbe-die-architektur-von-gaudi\/"},"wordCount":641,"commentCount":0,"publisher":{"@id":"https:\/\/www.hispanorama-tours.com\/de_at\/#organization"},"image":{"@id":"https:\/\/www.hispanorama-tours.com\/de_at\/dmc-fuer-spanien-blog\/katalonien\/unesco-weltkulturerbe-die-architektur-von-gaudi\/#primaryimage"},"thumbnailUrl":"https:\/\/www.hispanorama-tours.com\/wp-content\/uploads\/2019\/12\/Gaudi_title.jpg","keywords":["Architektur","Colonia Guell"],"articleSection":["Katalonien"],"inLanguage":"de-AT","potentialAction":[{"@type":"CommentAction","name":"Comment","target":["https:\/\/www.hispanorama-tours.com\/de_at\/dmc-fuer-spanien-blog\/katalonien\/unesco-weltkulturerbe-die-architektur-von-gaudi\/#respond"]}]},{"@type":"WebPage","@id":"https:\/\/www.hispanorama-tours.com\/de_at\/dmc-fuer-spanien-blog\/katalonien\/unesco-weltkulturerbe-die-architektur-von-gaudi\/","url":"https:\/\/www.hispanorama-tours.com\/de_at\/dmc-fuer-spanien-blog\/katalonien\/unesco-weltkulturerbe-die-architektur-von-gaudi\/","name":"UNESCO Weltkulturerbe: Die Architektur von Gaudi - DMC Spanien","isPartOf":{"@id":"https:\/\/www.hispanorama-tours.com\/de_at\/#website"},"primaryImageOfPage":{"@id":"https:\/\/www.hispanorama-tours.com\/de_at\/dmc-fuer-spanien-blog\/katalonien\/unesco-weltkulturerbe-die-architektur-von-gaudi\/#primaryimage"},"image":{"@id":"https:\/\/www.hispanorama-tours.com\/de_at\/dmc-fuer-spanien-blog\/katalonien\/unesco-weltkulturerbe-die-architektur-von-gaudi\/#primaryimage"},"thumbnailUrl":"https:\/\/www.hispanorama-tours.com\/wp-content\/uploads\/2019\/12\/Gaudi_title.jpg","datePublished":"2020-01-15T10:00:44+00:00","dateModified":"2020-01-15T10:01:20+00:00","breadcrumb":{"@id":"https:\/\/www.hispanorama-tours.com\/de_at\/dmc-fuer-spanien-blog\/katalonien\/unesco-weltkulturerbe-die-architektur-von-gaudi\/#breadcrumb"},"inLanguage":"de-AT","potentialAction":[{"@type":"ReadAction","target":["https:\/\/www.hispanorama-tours.com\/de_at\/dmc-fuer-spanien-blog\/katalonien\/unesco-weltkulturerbe-die-architektur-von-gaudi\/"]}]},{"@type":"ImageObject","inLanguage":"de-AT","@id":"https:\/\/www.hispanorama-tours.com\/de_at\/dmc-fuer-spanien-blog\/katalonien\/unesco-weltkulturerbe-die-architektur-von-gaudi\/#primaryimage","url":"https:\/\/www.hispanorama-tours.com\/wp-content\/uploads\/2019\/12\/Gaudi_title.jpg","contentUrl":"https:\/\/www.hispanorama-tours.com\/wp-content\/uploads\/2019\/12\/Gaudi_title.jpg","width":974,"height":466},{"@type":"BreadcrumbList","@id":"https:\/\/www.hispanorama-tours.com\/de_at\/dmc-fuer-spanien-blog\/katalonien\/unesco-weltkulturerbe-die-architektur-von-gaudi\/#breadcrumb","itemListElement":[{"@type":"ListItem","position":1,"name":"Home","item":"https:\/\/www.hispanorama-tours.com\/de_at\/"},{"@type":"ListItem","position":2,"name":"UNESCO Weltkulturerbe: Die Architektur von Gaudi"}]},{"@type":"WebSite","@id":"https:\/\/www.hispanorama-tours.com\/de_at\/#website","url":"https:\/\/www.hispanorama-tours.com\/de_at\/","name":"DMC Spanien","description":"Destination Management Company (DMC) in Spanien","publisher":{"@id":"https:\/\/www.hispanorama-tours.com\/de_at\/#organization"},"potentialAction":[{"@type":"SearchAction","target":{"@type":"EntryPoint","urlTemplate":"https:\/\/www.hispanorama-tours.com\/de_at\/?s={search_term_string}"},"query-input":{"@type":"PropertyValueSpecification","valueRequired":true,"valueName":"search_term_string"}}],"inLanguage":"de-AT"},{"@type":"Organization","@id":"https:\/\/www.hispanorama-tours.com\/de_at\/#organization","name":"DMC for Spain Hispanorama tours & incentives","url":"https:\/\/www.hispanorama-tours.com\/de_at\/","logo":{"@type":"ImageObject","inLanguage":"de-AT","@id":"https:\/\/www.hispanorama-tours.com\/de_at\/#\/schema\/logo\/image\/","url":"https:\/\/www.hispanorama-tours.com\/wp-content\/uploads\/2018\/06\/logo_hispanorama_tours_and_incentives3-1.png","contentUrl":"https:\/\/www.hispanorama-tours.com\/wp-content\/uploads\/2018\/06\/logo_hispanorama_tours_and_incentives3-1.png","width":185,"height":120,"caption":"DMC for Spain Hispanorama tours & incentives"},"image":{"@id":"https:\/\/www.hispanorama-tours.com\/de_at\/#\/schema\/logo\/image\/"},"sameAs":["https:\/\/www.facebook.com\/HispanoramaTours\/","https:\/\/x.com\/HispanoramaMAD","https:\/\/www.linkedin.com\/company\/hispanorama-tours-&amp;-incentives\/"]},{"@type":"Person","@id":"https:\/\/www.hispanorama-tours.com\/de_at\/#\/schema\/person\/c57da6219d5c7903e17593ea214d1766","name":"Katharina Giesler"}]}},"_links":{"self":[{"href":"https:\/\/www.hispanorama-tours.com\/de_at\/wp-json\/wp\/v2\/posts\/26207","targetHints":{"allow":["GET"]}}],"collection":[{"href":"https:\/\/www.hispanorama-tours.com\/de_at\/wp-json\/wp\/v2\/posts"}],"about":[{"href":"https:\/\/www.hispanorama-tours.com\/de_at\/wp-json\/wp\/v2\/types\/post"}],"author":[{"embeddable":true,"href":"https:\/\/www.hispanorama-tours.com\/de_at\/wp-json\/wp\/v2\/users\/1"}],"replies":[{"embeddable":true,"href":"https:\/\/www.hispanorama-tours.com\/de_at\/wp-json\/wp\/v2\/comments?post=26207"}],"version-history":[{"count":0,"href":"https:\/\/www.hispanorama-tours.com\/de_at\/wp-json\/wp\/v2\/posts\/26207\/revisions"}],"wp:featuredmedia":[{"embeddable":true,"href":"https:\/\/www.hispanorama-tours.com\/de_at\/wp-json\/wp\/v2\/media\/26150"}],"wp:attachment":[{"href":"https:\/\/www.hispanorama-tours.com\/de_at\/wp-json\/wp\/v2\/media?parent=26207"}],"wp:term":[{"taxonomy":"category","embeddable":true,"href":"https:\/\/www.hispanorama-tours.com\/de_at\/wp-json\/wp\/v2\/categories?post=26207"},{"taxonomy":"post_tag","embeddable":true,"href":"https:\/\/www.hispanorama-tours.com\/de_at\/wp-json\/wp\/v2\/tags?post=26207"}],"curies":[{"name":"wp","href":"https:\/\/api.w.org\/{rel}","templated":true}]}}