
{"id":14552,"date":"2018-07-18T10:00:25","date_gmt":"2018-07-18T10:00:25","guid":{"rendered":"https:\/\/www.hispanorama-tours.com\/?p=14552"},"modified":"2019-01-15T11:02:14","modified_gmt":"2019-01-15T10:02:14","slug":"ein-fest-der-farben-valencias-blumenschlacht","status":"publish","type":"post","link":"https:\/\/www.hispanorama-tours.com\/de_at\/dmc-fuer-spanien-blog\/ostspanien\/ein-fest-der-farben-valencias-blumenschlacht\/","title":{"rendered":"Ein Fest der Farben: Valencias Blumenschlacht"},"content":{"rendered":"<p><strong>Ein Fest der Farben: Valencias Blumenschlacht<\/strong><\/p>\n<p>Spaniens Kalender ist voll von einzigartigen Festen, und jedes Jahr im sp\u00e4ten Juli tr\u00e4gt Valencia eines der sch\u00f6nsten aus. Mehr als eine Million Ringelblumen dekorieren die Stra\u00dfen und fliegen durch die Luft \u2013 bei der Blumenschlacht. Wenn die Stadt alleine schon einen Besuch wert ist, dann ist dieses Festival ein weiterer Grund daf\u00fcr!<\/p>\n<p><strong>Urspr\u00fcnge und die Schlacht heutzutage<\/strong>\u00a0Historisch gesehen wurde die Blumenschlacht nur von der valenzianischen Bourgeoisie gefeiert, als Mittel den sozialen Status durch au\u00dfergew\u00f6hnliche Kutschen und Pferde,\u00a0 die mit aufwendigen Blumenarrangements dekoriert wurden, aufzuzeigen. Die erste wurde im Jahr 1871 abgehalten und im Jahr 1891 wurde sie zum Highlight auf Valencias Juli-Messe, inspiriert durch die Karneval-Blumenschlacht von Nizza. Die Juli-Messe selbst, welche auch heute noch w\u00e4hrend des Monats Juli stattfindet, ist ein vollgepacktes Programm mit Open-Air Konzerten und wahrhaft spektakul\u00e4rer Feuerwerke.\u00a0Im Laufe der Zeit wurde die Blumenschacht \u00a0zu einem verbreiteten Event, welches von allen Klassen zelebriert wurde. Die Blumen werden auf Feldern um die Stadt speziell f\u00fcr die Feier angebaut und es werden gigantische Fl\u00f6sse, die im ber\u00fchmten valenzianischen Stil der Fallas (dem Feuerfest) dekoriert werden, gebaut. Diese Fl\u00f6sse rollen durch das Stadtzentrum, von ihnen werden tausend und abertausende von orangefarbene und gelbe Bl\u00fcten in die Mengen geworfen, die sich wiederum mit Tennisschl\u00e4gern verteidigen und mit ihren eigenen Blumenk\u00f6rben zur\u00fcckschlagen.\u00a0Am Ende der Schlacht in der Abendd\u00e4mmerung, werden die eindrucksvollsten und farbigsten Fl\u00f6sse mit Preisen ausgezeichnet. Alles in allem ist Valencias Blumenschlacht eine skurrile und sch\u00f6ne Erfahrung!<\/p>\n<p><img loading=\"lazy\" decoding=\"async\" class=\"alignnone wp-image-14481 size-full\" src=\"https:\/\/www.hispanorama-tours.com\/wp-content\/uploads\/2018\/07\/Valencia-flores_.jpg\" alt=\"\" width=\"640\" height=\"427\" srcset=\"https:\/\/www.hispanorama-tours.com\/wp-content\/uploads\/2018\/07\/Valencia-flores_.jpg 640w, https:\/\/www.hispanorama-tours.com\/wp-content\/uploads\/2018\/07\/Valencia-flores_-300x200.jpg 300w\" sizes=\"(max-width: 640px) 100vw, 640px\" \/><\/p>\n<p><img loading=\"lazy\" decoding=\"async\" class=\"alignnone size-full wp-image-14461\" src=\"https:\/\/www.hispanorama-tours.com\/wp-content\/uploads\/2018\/07\/Valencia-flores_2.jpg\" alt=\"\" width=\"640\" height=\"427\" srcset=\"https:\/\/www.hispanorama-tours.com\/wp-content\/uploads\/2018\/07\/Valencia-flores_2.jpg 640w, https:\/\/www.hispanorama-tours.com\/wp-content\/uploads\/2018\/07\/Valencia-flores_2-300x200.jpg 300w\" sizes=\"(max-width: 640px) 100vw, 640px\" \/><\/p>\n<p><strong>In und um Valencia<\/strong><\/p>\n<p>Spaniens drittgr\u00f6\u00dfte Stadt ist ein atemberaubender Ort wie kein anderer, der Madrid und Barcelona das Wasser reicht, und das mit weniger Touristen! Valencia trumpft mit einem gro\u00dfen kulturellen und gastronomischen Angebot auf und ist au\u00dferdem innovationsfreudig. Die Stadt hat ihren \u00fcberschwemmungsgef\u00e4hrdeten Fluss in die Umgebung umgeleitet und das fr\u00fchere Flussbett in eine gr\u00fcne Parkfl\u00e4che verwandelt, welche mit verschiedenen G\u00e4rten und futuristischen Geb\u00e4uden der Ciudad de las Artes y las Ciencias (Stadt der K\u00fcnste und Wissenschaften) gespickt sind, wo die Besucher einige von Spaniens edelsten Museen und eines von Europas besten Aquarien erleben k\u00f6nnen.<\/p>\n<p>Valencia hat auch einige lange goldene Str\u00e4nde, einige inmitten\u00a0 des Albufera Parks, einem Feuchtgebiet mit einem See und Spazierwegen. F\u00fcr eine fantastische Vogelbeobachtung, fahren Sie ins Ebrodelta, welches ber\u00fchmt f\u00fcr seine Flamingoschw\u00e4rme und die verschiedenen Reisarten ist, die dort angebaut werden. Nicht umsonst ist Valencias typischstes Gericht die ber\u00fchmte <a href=\"\/?p=11992\" target=\"_blank\" rel=\"noopener\">\u201ePaella Valenciana\u201c<\/a>.<\/p>\n<p><img loading=\"lazy\" decoding=\"async\" class=\"alignnone size-full wp-image-14520\" src=\"https:\/\/www.hispanorama-tours.com\/wp-content\/uploads\/2018\/07\/Valencia-Ciudad-de-Artes6.jpg\" alt=\"\" width=\"640\" height=\"480\" srcset=\"https:\/\/www.hispanorama-tours.com\/wp-content\/uploads\/2018\/07\/Valencia-Ciudad-de-Artes6.jpg 640w, https:\/\/www.hispanorama-tours.com\/wp-content\/uploads\/2018\/07\/Valencia-Ciudad-de-Artes6-300x225.jpg 300w\" sizes=\"(max-width: 640px) 100vw, 640px\" \/><\/p>\n<p><img loading=\"lazy\" decoding=\"async\" class=\"size-full wp-image-14510\" src=\"https:\/\/www.hispanorama-tours.com\/wp-content\/uploads\/2018\/07\/Valencia-Foro-Romano.jpg\" alt=\"\" width=\"640\" height=\"480\" srcset=\"https:\/\/www.hispanorama-tours.com\/wp-content\/uploads\/2018\/07\/Valencia-Foro-Romano.jpg 640w, https:\/\/www.hispanorama-tours.com\/wp-content\/uploads\/2018\/07\/Valencia-Foro-Romano-300x225.jpg 300w\" sizes=\"(max-width: 640px) 100vw, 640px\" \/><\/p>\n<p><img loading=\"lazy\" decoding=\"async\" class=\"alignnone size-full wp-image-14531\" src=\"https:\/\/www.hispanorama-tours.com\/wp-content\/uploads\/2018\/07\/peniscola-2644863_640.jpg\" alt=\"\" width=\"640\" height=\"426\" srcset=\"https:\/\/www.hispanorama-tours.com\/wp-content\/uploads\/2018\/07\/peniscola-2644863_640.jpg 640w, https:\/\/www.hispanorama-tours.com\/wp-content\/uploads\/2018\/07\/peniscola-2644863_640-300x200.jpg 300w\" sizes=\"(max-width: 640px) 100vw, 640px\" \/> <img loading=\"lazy\" decoding=\"async\" class=\"alignnone size-full wp-image-14541\" src=\"https:\/\/www.hispanorama-tours.com\/wp-content\/uploads\/2018\/07\/valencia-2516854_640.jpg\" alt=\"\" width=\"640\" height=\"426\" srcset=\"https:\/\/www.hispanorama-tours.com\/wp-content\/uploads\/2018\/07\/valencia-2516854_640.jpg 640w, https:\/\/www.hispanorama-tours.com\/wp-content\/uploads\/2018\/07\/valencia-2516854_640-300x200.jpg 300w\" sizes=\"(max-width: 640px) 100vw, 640px\" \/><\/p>\n<p><strong>Die Blumenschlacht auf Ihrer Tour<\/strong><\/p>\n<p>Es gibt viele Gr\u00fcnde f\u00fcr einen Besuch von Valencia, doch die Blumenschlacht ist das i-T\u00fcpfelchen. \u00a0Lassen Sie Ihre Gruppe einen Teil dieser Erfahrung werden und kontaktieren Sie uns, um gemeinsam eine Gruppenreise f\u00fcr das n\u00e4chste Blumenfest zu planen!<\/p>\n","protected":false},"excerpt":{"rendered":"<p>Ein Fest der Farben: Valencias Blumenschlacht Spaniens Kalender ist voll von einzigartigen Festen, und jedes Jahr im sp\u00e4ten Juli tr\u00e4gt Valencia eines der sch\u00f6nsten aus. Mehr als eine Million Ringelblumen dekorieren die Stra\u00dfen und fliegen durch die Luft \u2013 bei der Blumenschlacht. Wenn die Stadt alleine schon einen Besuch wert ist, dann ist dieses Festival [&hellip;]<\/p>\n","protected":false},"author":1,"featured_media":14472,"comment_status":"open","ping_status":"open","sticky":false,"template":"","format":"standard","meta":{"_et_pb_use_builder":"","_et_pb_old_content":"","_et_gb_content_width":"","inline_featured_image":false,"footnotes":""},"categories":[896],"tags":[1031,4748],"class_list":["post-14552","post","type-post","status-publish","format-standard","has-post-thumbnail","hentry","category-ostspanien","tag-blumenfest-de_at","tag-dmc-barcelona-de_at"],"yoast_head":"<!-- This site is optimized with the Yoast SEO plugin v26.9 - https:\/\/yoast.com\/product\/yoast-seo-wordpress\/ -->\n<title>Ein Fest der Farben: Valencias Blumenschlacht - DMC Spanien<\/title>\n<meta name=\"robots\" content=\"index, follow, max-snippet:-1, max-image-preview:large, max-video-preview:-1\" \/>\n<link rel=\"canonical\" href=\"https:\/\/www.hispanorama-tours.com\/de_at\/dmc-fuer-spanien-blog\/ostspanien\/ein-fest-der-farben-valencias-blumenschlacht\/\" \/>\n<meta property=\"og:locale\" content=\"de_DE\" \/>\n<meta property=\"og:type\" content=\"article\" \/>\n<meta property=\"og:title\" content=\"Ein Fest der Farben: Valencias Blumenschlacht - DMC Spanien\" \/>\n<meta property=\"og:description\" content=\"Ein Fest der Farben: Valencias Blumenschlacht Spaniens Kalender ist voll von einzigartigen Festen, und jedes Jahr im sp\u00e4ten Juli tr\u00e4gt Valencia eines der sch\u00f6nsten aus. Mehr als eine Million Ringelblumen dekorieren die Stra\u00dfen und fliegen durch die Luft \u2013 bei der Blumenschlacht. Wenn die Stadt alleine schon einen Besuch wert ist, dann ist dieses Festival [&hellip;]\" \/>\n<meta property=\"og:url\" content=\"https:\/\/www.hispanorama-tours.com\/de_at\/dmc-fuer-spanien-blog\/ostspanien\/ein-fest-der-farben-valencias-blumenschlacht\/\" \/>\n<meta property=\"og:site_name\" content=\"DMC Spanien\" \/>\n<meta property=\"article:publisher\" content=\"https:\/\/www.facebook.com\/HispanoramaTours\/\" \/>\n<meta property=\"article:published_time\" content=\"2018-07-18T10:00:25+00:00\" \/>\n<meta property=\"article:modified_time\" content=\"2019-01-15T10:02:14+00:00\" \/>\n<meta property=\"og:image\" content=\"https:\/\/www.hispanorama-tours.com\/wp-content\/uploads\/2018\/07\/Valencia-flores_3.jpg\" \/>\n\t<meta property=\"og:image:width\" content=\"640\" \/>\n\t<meta property=\"og:image:height\" content=\"341\" \/>\n\t<meta property=\"og:image:type\" content=\"image\/jpeg\" \/>\n<meta name=\"author\" content=\"Katharina Giesler\" \/>\n<meta name=\"twitter:card\" content=\"summary_large_image\" \/>\n<meta name=\"twitter:creator\" content=\"@HispanoramaMAD\" \/>\n<meta name=\"twitter:site\" content=\"@HispanoramaMAD\" \/>\n<meta name=\"twitter:label1\" content=\"Verfasst von\" \/>\n\t<meta name=\"twitter:data1\" content=\"Katharina Giesler\" \/>\n\t<meta name=\"twitter:label2\" content=\"Gesch\u00e4tzte Lesezeit\" \/>\n\t<meta name=\"twitter:data2\" content=\"2 Minuten\" \/>\n<script type=\"application\/ld+json\" class=\"yoast-schema-graph\">{\"@context\":\"https:\/\/schema.org\",\"@graph\":[{\"@type\":\"Article\",\"@id\":\"https:\/\/www.hispanorama-tours.com\/de_at\/dmc-fuer-spanien-blog\/ostspanien\/ein-fest-der-farben-valencias-blumenschlacht\/#article\",\"isPartOf\":{\"@id\":\"https:\/\/www.hispanorama-tours.com\/de_at\/dmc-fuer-spanien-blog\/ostspanien\/ein-fest-der-farben-valencias-blumenschlacht\/\"},\"author\":{\"name\":\"Katharina Giesler\",\"@id\":\"https:\/\/www.hispanorama-tours.com\/de_at\/#\/schema\/person\/c57da6219d5c7903e17593ea214d1766\"},\"headline\":\"Ein Fest der Farben: Valencias Blumenschlacht\",\"datePublished\":\"2018-07-18T10:00:25+00:00\",\"dateModified\":\"2019-01-15T10:02:14+00:00\",\"mainEntityOfPage\":{\"@id\":\"https:\/\/www.hispanorama-tours.com\/de_at\/dmc-fuer-spanien-blog\/ostspanien\/ein-fest-der-farben-valencias-blumenschlacht\/\"},\"wordCount\":483,\"commentCount\":0,\"publisher\":{\"@id\":\"https:\/\/www.hispanorama-tours.com\/de_at\/#organization\"},\"image\":{\"@id\":\"https:\/\/www.hispanorama-tours.com\/de_at\/dmc-fuer-spanien-blog\/ostspanien\/ein-fest-der-farben-valencias-blumenschlacht\/#primaryimage\"},\"thumbnailUrl\":\"https:\/\/www.hispanorama-tours.com\/wp-content\/uploads\/2018\/07\/Valencia-flores_3.jpg\",\"keywords\":[\"Blumenfest\",\"dmc barcelona\"],\"articleSection\":[\"Ostspanien\"],\"inLanguage\":\"de-AT\",\"potentialAction\":[{\"@type\":\"CommentAction\",\"name\":\"Comment\",\"target\":[\"https:\/\/www.hispanorama-tours.com\/de_at\/dmc-fuer-spanien-blog\/ostspanien\/ein-fest-der-farben-valencias-blumenschlacht\/#respond\"]}]},{\"@type\":\"WebPage\",\"@id\":\"https:\/\/www.hispanorama-tours.com\/de_at\/dmc-fuer-spanien-blog\/ostspanien\/ein-fest-der-farben-valencias-blumenschlacht\/\",\"url\":\"https:\/\/www.hispanorama-tours.com\/de_at\/dmc-fuer-spanien-blog\/ostspanien\/ein-fest-der-farben-valencias-blumenschlacht\/\",\"name\":\"Ein Fest der Farben: Valencias Blumenschlacht - DMC Spanien\",\"isPartOf\":{\"@id\":\"https:\/\/www.hispanorama-tours.com\/de_at\/#website\"},\"primaryImageOfPage\":{\"@id\":\"https:\/\/www.hispanorama-tours.com\/de_at\/dmc-fuer-spanien-blog\/ostspanien\/ein-fest-der-farben-valencias-blumenschlacht\/#primaryimage\"},\"image\":{\"@id\":\"https:\/\/www.hispanorama-tours.com\/de_at\/dmc-fuer-spanien-blog\/ostspanien\/ein-fest-der-farben-valencias-blumenschlacht\/#primaryimage\"},\"thumbnailUrl\":\"https:\/\/www.hispanorama-tours.com\/wp-content\/uploads\/2018\/07\/Valencia-flores_3.jpg\",\"datePublished\":\"2018-07-18T10:00:25+00:00\",\"dateModified\":\"2019-01-15T10:02:14+00:00\",\"breadcrumb\":{\"@id\":\"https:\/\/www.hispanorama-tours.com\/de_at\/dmc-fuer-spanien-blog\/ostspanien\/ein-fest-der-farben-valencias-blumenschlacht\/#breadcrumb\"},\"inLanguage\":\"de-AT\",\"potentialAction\":[{\"@type\":\"ReadAction\",\"target\":[\"https:\/\/www.hispanorama-tours.com\/de_at\/dmc-fuer-spanien-blog\/ostspanien\/ein-fest-der-farben-valencias-blumenschlacht\/\"]}]},{\"@type\":\"ImageObject\",\"inLanguage\":\"de-AT\",\"@id\":\"https:\/\/www.hispanorama-tours.com\/de_at\/dmc-fuer-spanien-blog\/ostspanien\/ein-fest-der-farben-valencias-blumenschlacht\/#primaryimage\",\"url\":\"https:\/\/www.hispanorama-tours.com\/wp-content\/uploads\/2018\/07\/Valencia-flores_3.jpg\",\"contentUrl\":\"https:\/\/www.hispanorama-tours.com\/wp-content\/uploads\/2018\/07\/Valencia-flores_3.jpg\",\"width\":640,\"height\":341},{\"@type\":\"BreadcrumbList\",\"@id\":\"https:\/\/www.hispanorama-tours.com\/de_at\/dmc-fuer-spanien-blog\/ostspanien\/ein-fest-der-farben-valencias-blumenschlacht\/#breadcrumb\",\"itemListElement\":[{\"@type\":\"ListItem\",\"position\":1,\"name\":\"Home\",\"item\":\"https:\/\/www.hispanorama-tours.com\/de_at\/\"},{\"@type\":\"ListItem\",\"position\":2,\"name\":\"Ein Fest der Farben: Valencias Blumenschlacht\"}]},{\"@type\":\"WebSite\",\"@id\":\"https:\/\/www.hispanorama-tours.com\/de_at\/#website\",\"url\":\"https:\/\/www.hispanorama-tours.com\/de_at\/\",\"name\":\"DMC Spanien\",\"description\":\"Destination Management Company (DMC) in Spanien\",\"publisher\":{\"@id\":\"https:\/\/www.hispanorama-tours.com\/de_at\/#organization\"},\"potentialAction\":[{\"@type\":\"SearchAction\",\"target\":{\"@type\":\"EntryPoint\",\"urlTemplate\":\"https:\/\/www.hispanorama-tours.com\/de_at\/?s={search_term_string}\"},\"query-input\":{\"@type\":\"PropertyValueSpecification\",\"valueRequired\":true,\"valueName\":\"search_term_string\"}}],\"inLanguage\":\"de-AT\"},{\"@type\":\"Organization\",\"@id\":\"https:\/\/www.hispanorama-tours.com\/de_at\/#organization\",\"name\":\"DMC for Spain Hispanorama tours & incentives\",\"url\":\"https:\/\/www.hispanorama-tours.com\/de_at\/\",\"logo\":{\"@type\":\"ImageObject\",\"inLanguage\":\"de-AT\",\"@id\":\"https:\/\/www.hispanorama-tours.com\/de_at\/#\/schema\/logo\/image\/\",\"url\":\"https:\/\/www.hispanorama-tours.com\/wp-content\/uploads\/2018\/06\/logo_hispanorama_tours_and_incentives3-1.png\",\"contentUrl\":\"https:\/\/www.hispanorama-tours.com\/wp-content\/uploads\/2018\/06\/logo_hispanorama_tours_and_incentives3-1.png\",\"width\":185,\"height\":120,\"caption\":\"DMC for Spain Hispanorama tours & incentives\"},\"image\":{\"@id\":\"https:\/\/www.hispanorama-tours.com\/de_at\/#\/schema\/logo\/image\/\"},\"sameAs\":[\"https:\/\/www.facebook.com\/HispanoramaTours\/\",\"https:\/\/x.com\/HispanoramaMAD\",\"https:\/\/www.linkedin.com\/company\/hispanorama-tours-&amp;-incentives\/\"]},{\"@type\":\"Person\",\"@id\":\"https:\/\/www.hispanorama-tours.com\/de_at\/#\/schema\/person\/c57da6219d5c7903e17593ea214d1766\",\"name\":\"Katharina Giesler\"}]}<\/script>\n<!-- \/ Yoast SEO plugin. -->","yoast_head_json":{"title":"Ein Fest der Farben: Valencias Blumenschlacht - DMC Spanien","robots":{"index":"index","follow":"follow","max-snippet":"max-snippet:-1","max-image-preview":"max-image-preview:large","max-video-preview":"max-video-preview:-1"},"canonical":"https:\/\/www.hispanorama-tours.com\/de_at\/dmc-fuer-spanien-blog\/ostspanien\/ein-fest-der-farben-valencias-blumenschlacht\/","og_locale":"de_DE","og_type":"article","og_title":"Ein Fest der Farben: Valencias Blumenschlacht - DMC Spanien","og_description":"Ein Fest der Farben: Valencias Blumenschlacht Spaniens Kalender ist voll von einzigartigen Festen, und jedes Jahr im sp\u00e4ten Juli tr\u00e4gt Valencia eines der sch\u00f6nsten aus. Mehr als eine Million Ringelblumen dekorieren die Stra\u00dfen und fliegen durch die Luft \u2013 bei der Blumenschlacht. Wenn die Stadt alleine schon einen Besuch wert ist, dann ist dieses Festival [&hellip;]","og_url":"https:\/\/www.hispanorama-tours.com\/de_at\/dmc-fuer-spanien-blog\/ostspanien\/ein-fest-der-farben-valencias-blumenschlacht\/","og_site_name":"DMC Spanien","article_publisher":"https:\/\/www.facebook.com\/HispanoramaTours\/","article_published_time":"2018-07-18T10:00:25+00:00","article_modified_time":"2019-01-15T10:02:14+00:00","og_image":[{"width":640,"height":341,"url":"https:\/\/www.hispanorama-tours.com\/wp-content\/uploads\/2018\/07\/Valencia-flores_3.jpg","type":"image\/jpeg"}],"author":"Katharina Giesler","twitter_card":"summary_large_image","twitter_creator":"@HispanoramaMAD","twitter_site":"@HispanoramaMAD","twitter_misc":{"Verfasst von":"Katharina Giesler","Gesch\u00e4tzte Lesezeit":"2 Minuten"},"schema":{"@context":"https:\/\/schema.org","@graph":[{"@type":"Article","@id":"https:\/\/www.hispanorama-tours.com\/de_at\/dmc-fuer-spanien-blog\/ostspanien\/ein-fest-der-farben-valencias-blumenschlacht\/#article","isPartOf":{"@id":"https:\/\/www.hispanorama-tours.com\/de_at\/dmc-fuer-spanien-blog\/ostspanien\/ein-fest-der-farben-valencias-blumenschlacht\/"},"author":{"name":"Katharina Giesler","@id":"https:\/\/www.hispanorama-tours.com\/de_at\/#\/schema\/person\/c57da6219d5c7903e17593ea214d1766"},"headline":"Ein Fest der Farben: Valencias Blumenschlacht","datePublished":"2018-07-18T10:00:25+00:00","dateModified":"2019-01-15T10:02:14+00:00","mainEntityOfPage":{"@id":"https:\/\/www.hispanorama-tours.com\/de_at\/dmc-fuer-spanien-blog\/ostspanien\/ein-fest-der-farben-valencias-blumenschlacht\/"},"wordCount":483,"commentCount":0,"publisher":{"@id":"https:\/\/www.hispanorama-tours.com\/de_at\/#organization"},"image":{"@id":"https:\/\/www.hispanorama-tours.com\/de_at\/dmc-fuer-spanien-blog\/ostspanien\/ein-fest-der-farben-valencias-blumenschlacht\/#primaryimage"},"thumbnailUrl":"https:\/\/www.hispanorama-tours.com\/wp-content\/uploads\/2018\/07\/Valencia-flores_3.jpg","keywords":["Blumenfest","dmc barcelona"],"articleSection":["Ostspanien"],"inLanguage":"de-AT","potentialAction":[{"@type":"CommentAction","name":"Comment","target":["https:\/\/www.hispanorama-tours.com\/de_at\/dmc-fuer-spanien-blog\/ostspanien\/ein-fest-der-farben-valencias-blumenschlacht\/#respond"]}]},{"@type":"WebPage","@id":"https:\/\/www.hispanorama-tours.com\/de_at\/dmc-fuer-spanien-blog\/ostspanien\/ein-fest-der-farben-valencias-blumenschlacht\/","url":"https:\/\/www.hispanorama-tours.com\/de_at\/dmc-fuer-spanien-blog\/ostspanien\/ein-fest-der-farben-valencias-blumenschlacht\/","name":"Ein Fest der Farben: Valencias Blumenschlacht - DMC Spanien","isPartOf":{"@id":"https:\/\/www.hispanorama-tours.com\/de_at\/#website"},"primaryImageOfPage":{"@id":"https:\/\/www.hispanorama-tours.com\/de_at\/dmc-fuer-spanien-blog\/ostspanien\/ein-fest-der-farben-valencias-blumenschlacht\/#primaryimage"},"image":{"@id":"https:\/\/www.hispanorama-tours.com\/de_at\/dmc-fuer-spanien-blog\/ostspanien\/ein-fest-der-farben-valencias-blumenschlacht\/#primaryimage"},"thumbnailUrl":"https:\/\/www.hispanorama-tours.com\/wp-content\/uploads\/2018\/07\/Valencia-flores_3.jpg","datePublished":"2018-07-18T10:00:25+00:00","dateModified":"2019-01-15T10:02:14+00:00","breadcrumb":{"@id":"https:\/\/www.hispanorama-tours.com\/de_at\/dmc-fuer-spanien-blog\/ostspanien\/ein-fest-der-farben-valencias-blumenschlacht\/#breadcrumb"},"inLanguage":"de-AT","potentialAction":[{"@type":"ReadAction","target":["https:\/\/www.hispanorama-tours.com\/de_at\/dmc-fuer-spanien-blog\/ostspanien\/ein-fest-der-farben-valencias-blumenschlacht\/"]}]},{"@type":"ImageObject","inLanguage":"de-AT","@id":"https:\/\/www.hispanorama-tours.com\/de_at\/dmc-fuer-spanien-blog\/ostspanien\/ein-fest-der-farben-valencias-blumenschlacht\/#primaryimage","url":"https:\/\/www.hispanorama-tours.com\/wp-content\/uploads\/2018\/07\/Valencia-flores_3.jpg","contentUrl":"https:\/\/www.hispanorama-tours.com\/wp-content\/uploads\/2018\/07\/Valencia-flores_3.jpg","width":640,"height":341},{"@type":"BreadcrumbList","@id":"https:\/\/www.hispanorama-tours.com\/de_at\/dmc-fuer-spanien-blog\/ostspanien\/ein-fest-der-farben-valencias-blumenschlacht\/#breadcrumb","itemListElement":[{"@type":"ListItem","position":1,"name":"Home","item":"https:\/\/www.hispanorama-tours.com\/de_at\/"},{"@type":"ListItem","position":2,"name":"Ein Fest der Farben: Valencias Blumenschlacht"}]},{"@type":"WebSite","@id":"https:\/\/www.hispanorama-tours.com\/de_at\/#website","url":"https:\/\/www.hispanorama-tours.com\/de_at\/","name":"DMC Spanien","description":"Destination Management Company (DMC) in Spanien","publisher":{"@id":"https:\/\/www.hispanorama-tours.com\/de_at\/#organization"},"potentialAction":[{"@type":"SearchAction","target":{"@type":"EntryPoint","urlTemplate":"https:\/\/www.hispanorama-tours.com\/de_at\/?s={search_term_string}"},"query-input":{"@type":"PropertyValueSpecification","valueRequired":true,"valueName":"search_term_string"}}],"inLanguage":"de-AT"},{"@type":"Organization","@id":"https:\/\/www.hispanorama-tours.com\/de_at\/#organization","name":"DMC for Spain Hispanorama tours & incentives","url":"https:\/\/www.hispanorama-tours.com\/de_at\/","logo":{"@type":"ImageObject","inLanguage":"de-AT","@id":"https:\/\/www.hispanorama-tours.com\/de_at\/#\/schema\/logo\/image\/","url":"https:\/\/www.hispanorama-tours.com\/wp-content\/uploads\/2018\/06\/logo_hispanorama_tours_and_incentives3-1.png","contentUrl":"https:\/\/www.hispanorama-tours.com\/wp-content\/uploads\/2018\/06\/logo_hispanorama_tours_and_incentives3-1.png","width":185,"height":120,"caption":"DMC for Spain Hispanorama tours & incentives"},"image":{"@id":"https:\/\/www.hispanorama-tours.com\/de_at\/#\/schema\/logo\/image\/"},"sameAs":["https:\/\/www.facebook.com\/HispanoramaTours\/","https:\/\/x.com\/HispanoramaMAD","https:\/\/www.linkedin.com\/company\/hispanorama-tours-&amp;-incentives\/"]},{"@type":"Person","@id":"https:\/\/www.hispanorama-tours.com\/de_at\/#\/schema\/person\/c57da6219d5c7903e17593ea214d1766","name":"Katharina Giesler"}]}},"_links":{"self":[{"href":"https:\/\/www.hispanorama-tours.com\/de_at\/wp-json\/wp\/v2\/posts\/14552","targetHints":{"allow":["GET"]}}],"collection":[{"href":"https:\/\/www.hispanorama-tours.com\/de_at\/wp-json\/wp\/v2\/posts"}],"about":[{"href":"https:\/\/www.hispanorama-tours.com\/de_at\/wp-json\/wp\/v2\/types\/post"}],"author":[{"embeddable":true,"href":"https:\/\/www.hispanorama-tours.com\/de_at\/wp-json\/wp\/v2\/users\/1"}],"replies":[{"embeddable":true,"href":"https:\/\/www.hispanorama-tours.com\/de_at\/wp-json\/wp\/v2\/comments?post=14552"}],"version-history":[{"count":0,"href":"https:\/\/www.hispanorama-tours.com\/de_at\/wp-json\/wp\/v2\/posts\/14552\/revisions"}],"wp:featuredmedia":[{"embeddable":true,"href":"https:\/\/www.hispanorama-tours.com\/de_at\/wp-json\/wp\/v2\/media\/14472"}],"wp:attachment":[{"href":"https:\/\/www.hispanorama-tours.com\/de_at\/wp-json\/wp\/v2\/media?parent=14552"}],"wp:term":[{"taxonomy":"category","embeddable":true,"href":"https:\/\/www.hispanorama-tours.com\/de_at\/wp-json\/wp\/v2\/categories?post=14552"},{"taxonomy":"post_tag","embeddable":true,"href":"https:\/\/www.hispanorama-tours.com\/de_at\/wp-json\/wp\/v2\/tags?post=14552"}],"curies":[{"name":"wp","href":"https:\/\/api.w.org\/{rel}","templated":true}]}}